{"id":109143,"date":"2018-06-25T16:33:45","date_gmt":"2018-06-25T19:33:45","guid":{"rendered":"http:\/\/diarioregionaljf.com.br\/?p=109143"},"modified":"2018-06-25T16:33:45","modified_gmt":"2018-06-25T19:33:45","slug":"pessoas-com-tea-podem-ter-cartao-de-identificacao-para-atendimento-prioritario-nos-servicos-publicos","status":"publish","type":"post","link":"https:\/\/diarioregionaldigital.com.br\/?p=109143","title":{"rendered":"Pessoas com TEA podem ter cart\u00e3o de identifica\u00e7\u00e3o para atendimento priorit\u00e1rio nos servi\u00e7os p\u00fablicos"},"content":{"rendered":"<p>Foi aprovado, em primeira discuss\u00e3o, durante reuni\u00e3o ordin\u00e1ria da \u00faltima quinta-feira, 14, o projeto de lei dos vereadores Fiorilo (PTC), Kennedy Ribeiro e Marlon Siqueira (ambos do MDB) que institui o Cart\u00e3o de Identifica\u00e7\u00e3o para Pessoa com Transtorno do Espectro Autista (TEA).<\/p>\n<p>Assim, a Prefeitura de Juiz de Fora (PJF) ficar\u00e1 respons\u00e1vel pela confec\u00e7\u00e3o do mesmo, que deve conter informa\u00e7\u00f5es importantes sobre o autista, medicamentos que toma, tipo sangu\u00edneo e grau de intensidade do transtorno, bem como informa\u00e7\u00f5es sobre seu respons\u00e1vel.<\/p>\n<p>A cidade j\u00e1 possui uma lei que prioriza o atendimento \u00e0s pessoas com TEA.\u00a0 Esta mat\u00e9ria, ainda em vota\u00e7\u00e3o, vem de encontro com essa lei e traz informa\u00e7\u00f5es \u00fateis e necess\u00e1rias ao atendimento priorit\u00e1rio de quem realmente \u00e9 contemplado pela mesma.<\/p>\n<p>A proposi\u00e7\u00e3o precisa passar por mais duas discuss\u00f5es na C\u00e2mara, antes de seguir para o Executivo. Caso seja aprovada, passa a vigorar 90 dias ap\u00f3s a data de publica\u00e7\u00e3o.<br \/>\n&nbsp;<\/p>\n<p>Fonte: Assessoria C\u00e2mara de JF<\/p>\n","protected":false},"excerpt":{"rendered":"<p>Foi aprovado, em primeira discuss\u00e3o, durante reuni\u00e3o ordin\u00e1ria da \u00faltima quinta-feira, 14, o projeto de lei dos vereadores Fiorilo (PTC), Kennedy Ribeiro e Marlon Siqueira (ambos do MDB) que institui o Cart\u00e3o de Identifica\u00e7\u00e3o para Pessoa com Transtorno do Espectro Autista (TEA). Assim, a Prefeitura de Juiz de Fora (PJF) ficar\u00e1 respons\u00e1vel pela confec\u00e7\u00e3o do [&hellip;]<\/p>\n","protected":false},"author":96,"featured_media":105098,"comment_status":"closed","ping_status":"closed","sticky":false,"template":"","format":"standard","meta":{"footnotes":""},"categories":[253,439],"tags":[],"class_list":["post-109143","post","type-post","status-publish","format-standard","has-post-thumbnail","hentry","category-cidade","category-ultima-hora"],"_links":{"self":[{"href":"https:\/\/diarioregionaldigital.com.br\/index.php?rest_route=\/wp\/v2\/posts\/109143","targetHints":{"allow":["GET"]}}],"collection":[{"href":"https:\/\/diarioregionaldigital.com.br\/index.php?rest_route=\/wp\/v2\/posts"}],"about":[{"href":"https:\/\/diarioregionaldigital.com.br\/index.php?rest_route=\/wp\/v2\/types\/post"}],"author":[{"embeddable":true,"href":"https:\/\/diarioregionaldigital.com.br\/index.php?rest_route=\/wp\/v2\/users\/96"}],"replies":[{"embeddable":true,"href":"https:\/\/diarioregionaldigital.com.br\/index.php?rest_route=%2Fwp%2Fv2%2Fcomments&post=109143"}],"version-history":[{"count":0,"href":"https:\/\/diarioregionaldigital.com.br\/index.php?rest_route=\/wp\/v2\/posts\/109143\/revisions"}],"wp:featuredmedia":[{"embeddable":true,"href":"https:\/\/diarioregionaldigital.com.br\/index.php?rest_route=\/wp\/v2\/media\/105098"}],"wp:attachment":[{"href":"https:\/\/diarioregionaldigital.com.br\/index.php?rest_route=%2Fwp%2Fv2%2Fmedia&parent=109143"}],"wp:term":[{"taxonomy":"category","embeddable":true,"href":"https:\/\/diarioregionaldigital.com.br\/index.php?rest_route=%2Fwp%2Fv2%2Fcategories&post=109143"},{"taxonomy":"post_tag","embeddable":true,"href":"https:\/\/diarioregionaldigital.com.br\/index.php?rest_route=%2Fwp%2Fv2%2Ftags&post=109143"}],"curies":[{"name":"wp","href":"https:\/\/api.w.org\/{rel}","templated":true}]}}