{"id":109137,"date":"2018-06-25T16:17:09","date_gmt":"2018-06-25T19:17:09","guid":{"rendered":"http:\/\/diarioregionaljf.com.br\/?p=109137"},"modified":"2018-06-25T16:27:13","modified_gmt":"2018-06-25T19:27:13","slug":"fornecimento-de-energia-no-campus-sera-interrompido-em-1o-de-julho","status":"publish","type":"post","link":"https:\/\/diarioregionaldigital.com.br\/?p=109137","title":{"rendered":"Fornecimento de energia no campus ser\u00e1 interrompido em 1\u00ba de julho"},"content":{"rendered":"<p>A Pr\u00f3-Reitoria de Infraestrutura e Gest\u00e3o (Proinfra) da Universidade Federal de Juiz de Fora (UFJF) informa que, devido a servi\u00e7os de manuten\u00e7\u00e3o da rede el\u00e9trica de todo o campus de Juiz de Fora, haver\u00e1 corte de energia em alguns pontos da Universidade no pr\u00f3ximo domingo, dia 1\u00ba de julho. O corte acontecer\u00e1 das 6h \u00e0s 12h.<\/p>\n<p>Ser\u00e3o afetados o Instituto de Artes e Design (IAD); a Faculdade de Educa\u00e7\u00e3o F\u00edsica e Desportos (Faefid); a Faculdade de Comunica\u00e7\u00e3o (Facom); a Faculdade de Economia; e a Modelagem Computacional. Os demais departamentos seguir\u00e3o funcionando normalmente com seus pr\u00f3prios geradores.<\/p>\n<p>&nbsp;<\/p>\n<p>Fonte: Assessoria UFJF<\/p>\n","protected":false},"excerpt":{"rendered":"<p>A Pr\u00f3-Reitoria de Infraestrutura e Gest\u00e3o (Proinfra) da Universidade Federal de Juiz de Fora (UFJF) informa que, devido a servi\u00e7os de manuten\u00e7\u00e3o da rede el\u00e9trica de todo o campus de Juiz de Fora, haver\u00e1 corte de energia em alguns pontos da Universidade no pr\u00f3ximo domingo, dia 1\u00ba de julho. O corte acontecer\u00e1 das 6h \u00e0s [&hellip;]<\/p>\n","protected":false},"author":96,"featured_media":109142,"comment_status":"closed","ping_status":"closed","sticky":false,"template":"","format":"standard","meta":{"footnotes":""},"categories":[253],"tags":[],"class_list":["post-109137","post","type-post","status-publish","format-standard","has-post-thumbnail","hentry","category-cidade"],"_links":{"self":[{"href":"https:\/\/diarioregionaldigital.com.br\/index.php?rest_route=\/wp\/v2\/posts\/109137","targetHints":{"allow":["GET"]}}],"collection":[{"href":"https:\/\/diarioregionaldigital.com.br\/index.php?rest_route=\/wp\/v2\/posts"}],"about":[{"href":"https:\/\/diarioregionaldigital.com.br\/index.php?rest_route=\/wp\/v2\/types\/post"}],"author":[{"embeddable":true,"href":"https:\/\/diarioregionaldigital.com.br\/index.php?rest_route=\/wp\/v2\/users\/96"}],"replies":[{"embeddable":true,"href":"https:\/\/diarioregionaldigital.com.br\/index.php?rest_route=%2Fwp%2Fv2%2Fcomments&post=109137"}],"version-history":[{"count":0,"href":"https:\/\/diarioregionaldigital.com.br\/index.php?rest_route=\/wp\/v2\/posts\/109137\/revisions"}],"wp:featuredmedia":[{"embeddable":true,"href":"https:\/\/diarioregionaldigital.com.br\/index.php?rest_route=\/wp\/v2\/media\/109142"}],"wp:attachment":[{"href":"https:\/\/diarioregionaldigital.com.br\/index.php?rest_route=%2Fwp%2Fv2%2Fmedia&parent=109137"}],"wp:term":[{"taxonomy":"category","embeddable":true,"href":"https:\/\/diarioregionaldigital.com.br\/index.php?rest_route=%2Fwp%2Fv2%2Fcategories&post=109137"},{"taxonomy":"post_tag","embeddable":true,"href":"https:\/\/diarioregionaldigital.com.br\/index.php?rest_route=%2Fwp%2Fv2%2Ftags&post=109137"}],"curies":[{"name":"wp","href":"https:\/\/api.w.org\/{rel}","templated":true}]}}