{"id":109134,"date":"2018-06-25T15:49:18","date_gmt":"2018-06-25T18:49:18","guid":{"rendered":"http:\/\/diarioregionaljf.com.br\/?p=109134"},"modified":"2018-06-25T15:49:18","modified_gmt":"2018-06-25T18:49:18","slug":"mpf-denuncia-joesley-e-ex-procurador-por-corrupcao","status":"publish","type":"post","link":"https:\/\/diarioregionaldigital.com.br\/?p=109134","title":{"rendered":"MPF denuncia Joesley e ex-procurador por corrup\u00e7\u00e3o"},"content":{"rendered":"<p>O Minist\u00e9rio P\u00fablico Federal (MPF) em Bras\u00edlia denunciou nessa segunda-feira, 25, \u00e0 Justi\u00e7a o empres\u00e1rio Joesley Batista, um dos donos da empresa e do grupo J&amp;F, e o ex-procurador da Rep\u00fablica Marcelo Miller pelo crime de corrup\u00e7\u00e3o.\u00a0Tamb\u00e9m foram denunciados pelo MPF, Francisco de Assis e Silva, um dos delatores, e a advogada Ester Flesch, uma das s\u00f3cias do escrit\u00f3rio de advogacia que contratou Miller.<\/p>\n<p>De acordo com a den\u00fancia, na gest\u00e3o do ex-procurador da Rep\u00fablica Rodrigo Janot, Marcelo Miller atuou em favor da J&amp;F durante o processo de assinatura do acordo de dela\u00e7\u00e3o. Segundo a acusa\u00e7\u00e3o, documentos trocados entre Miller e integrantes do escrit\u00f3rio de advocacia que o contratou comprovariam o \u201cjogo duplo\u201d no caso.<\/p>\n<p>A defesa do ex-procurador sustentou no processo que ele \u201cnunca atuou como intermedi\u00e1rio entre o grupo J&amp;F ou qualquer empresa e o procurador-geral da Rep\u00fablica Rodrigo Janot ou qualquer outro membro do Minist\u00e9rio P\u00fablico Federal\u201d.<br \/>\n&nbsp;<\/p>\n<p>Fonte: Ag\u00eancia Brasil<\/p>\n","protected":false},"excerpt":{"rendered":"<p>O Minist\u00e9rio P\u00fablico Federal (MPF) em Bras\u00edlia denunciou nessa segunda-feira, 25, \u00e0 Justi\u00e7a o empres\u00e1rio Joesley Batista, um dos donos da empresa e do grupo J&amp;F, e o ex-procurador da Rep\u00fablica Marcelo Miller pelo crime de corrup\u00e7\u00e3o.\u00a0Tamb\u00e9m foram denunciados pelo MPF, Francisco de Assis e Silva, um dos delatores, e a advogada Ester Flesch, uma [&hellip;]<\/p>\n","protected":false},"author":96,"featured_media":109135,"comment_status":"closed","ping_status":"closed","sticky":false,"template":"","format":"standard","meta":{"footnotes":""},"categories":[254],"tags":[],"class_list":["post-109134","post","type-post","status-publish","format-standard","has-post-thumbnail","hentry","category-politica"],"_links":{"self":[{"href":"https:\/\/diarioregionaldigital.com.br\/index.php?rest_route=\/wp\/v2\/posts\/109134","targetHints":{"allow":["GET"]}}],"collection":[{"href":"https:\/\/diarioregionaldigital.com.br\/index.php?rest_route=\/wp\/v2\/posts"}],"about":[{"href":"https:\/\/diarioregionaldigital.com.br\/index.php?rest_route=\/wp\/v2\/types\/post"}],"author":[{"embeddable":true,"href":"https:\/\/diarioregionaldigital.com.br\/index.php?rest_route=\/wp\/v2\/users\/96"}],"replies":[{"embeddable":true,"href":"https:\/\/diarioregionaldigital.com.br\/index.php?rest_route=%2Fwp%2Fv2%2Fcomments&post=109134"}],"version-history":[{"count":0,"href":"https:\/\/diarioregionaldigital.com.br\/index.php?rest_route=\/wp\/v2\/posts\/109134\/revisions"}],"wp:featuredmedia":[{"embeddable":true,"href":"https:\/\/diarioregionaldigital.com.br\/index.php?rest_route=\/wp\/v2\/media\/109135"}],"wp:attachment":[{"href":"https:\/\/diarioregionaldigital.com.br\/index.php?rest_route=%2Fwp%2Fv2%2Fmedia&parent=109134"}],"wp:term":[{"taxonomy":"category","embeddable":true,"href":"https:\/\/diarioregionaldigital.com.br\/index.php?rest_route=%2Fwp%2Fv2%2Fcategories&post=109134"},{"taxonomy":"post_tag","embeddable":true,"href":"https:\/\/diarioregionaldigital.com.br\/index.php?rest_route=%2Fwp%2Fv2%2Ftags&post=109134"}],"curies":[{"name":"wp","href":"https:\/\/api.w.org\/{rel}","templated":true}]}}