{"id":109128,"date":"2018-06-25T15:12:25","date_gmt":"2018-06-25T18:12:25","guid":{"rendered":"http:\/\/diarioregionaljf.com.br\/?p=109128"},"modified":"2018-06-25T15:13:18","modified_gmt":"2018-06-25T18:13:18","slug":"dia-do-guarda-municipal-mobiliza-agentes-para-doacao-de-sangue","status":"publish","type":"post","link":"https:\/\/diarioregionaldigital.com.br\/?p=109128","title":{"rendered":"\u201cDia do Guarda Municipal\u201d mobiliza agentes para doa\u00e7\u00e3o de sangue"},"content":{"rendered":"<p>Uma campanha de doa\u00e7\u00e3o de sangue faz parte da comemora\u00e7\u00e3o do primeiro \u201cDia do Guarda Municipal\u201d, nesta ter\u00e7a-feira, 26. E tem como objetivo, tamb\u00e9m, incentivar a popula\u00e7\u00e3o a comparecer ao Hemominas, principalmente agora em junho e julho. A iniciativa partiu dos pr\u00f3prios guardas municipais, que queriam marcar a data com uma a\u00e7\u00e3o solid\u00e1ria. \u201cSoubemos que nessa \u00e9poca de frio h\u00e1 baixa de estoque. Ent\u00e3o, quisemos incentivar a popula\u00e7\u00e3o a se solidarizar com a gente. Estamos doando para fazer o bem para o pr\u00f3ximo, e, al\u00e9m disso, temos a inten\u00e7\u00e3o de fazer essa propaganda positiva\u201d, disse o guarda Jo\u00e3o Athouguia.<\/p>\n<p>Nesta segunda-feira, 25, oito guardas fizeram a doa\u00e7\u00e3o, e os demais far\u00e3o ao longo da semana. O efetivo est\u00e1 sendo liberado em dias alternados, para que o servi\u00e7o n\u00e3o seja prejudicado.<\/p>\n<p><b>\u201cDia do Guarda Municipal\u201d<\/b><\/p>\n<p>A data foi institu\u00edda pela Lei n\u00ba 13.687, de 18 de abril de 2018, com objetivo de reconhecer o trabalho da categoria, e tem como base a data de homologa\u00e7\u00e3o do concurso e nomea\u00e7\u00e3o da primeira turma.<\/p>\n<p><b>Doa\u00e7\u00e3o de sangue<\/b><\/p>\n<p>Para doar sangue, a pessoa dever\u00e1 estar alimentada e em condi\u00e7\u00f5es plenas de sa\u00fade. Ter entre 16 e 69 anos, apresentar documento original que contenha foto, filia\u00e7\u00e3o e assinatura (Carteira de Identidade ou de Trabalho, por exemplo). Tamb\u00e9m \u00e9 necess\u00e1rio ter mais de 50 kg e, para quem j\u00e1 \u00e9 doador, respeitar o intervalo de doa\u00e7\u00e3o, que para mulheres \u00e9 de 90 dias e, para os homens, 60 dias.<\/p>\n<p>O Hemominas fica na Rua Bar\u00e3o de Cataguases, no Bairro Santa Helena. A doa\u00e7\u00e3o \u00e9 feita na hora, ap\u00f3s o cadastro. Pode ser agendada pelo 155 ou atrav\u00e9s do site <a href=\"http:\/\/www.hemominas.mg.gov.br\/\" target=\"_blank\" rel=\"noopener\">http:\/\/www.hemominas.mg.gov.br\/<\/a>. O funcionamento \u00e9 de segunda a sexta-feira, das 7 \u00e0s 18 horas, e aos s\u00e1bados, das 7 \u00e0s 11 horas.<\/p>\n<p>&nbsp;<\/p>\n<p>Fonte: Assessoria PJF<\/p>\n","protected":false},"excerpt":{"rendered":"<p>Uma campanha de doa\u00e7\u00e3o de sangue faz parte da comemora\u00e7\u00e3o do primeiro \u201cDia do Guarda Municipal\u201d, nesta ter\u00e7a-feira, 26. E tem como objetivo, tamb\u00e9m, incentivar a popula\u00e7\u00e3o a comparecer ao Hemominas, principalmente agora em junho e julho. A iniciativa partiu dos pr\u00f3prios guardas municipais, que queriam marcar a data com uma a\u00e7\u00e3o solid\u00e1ria. \u201cSoubemos que [&hellip;]<\/p>\n","protected":false},"author":96,"featured_media":109129,"comment_status":"closed","ping_status":"closed","sticky":false,"template":"","format":"standard","meta":{"footnotes":""},"categories":[253,439],"tags":[],"class_list":["post-109128","post","type-post","status-publish","format-standard","has-post-thumbnail","hentry","category-cidade","category-ultima-hora"],"_links":{"self":[{"href":"https:\/\/diarioregionaldigital.com.br\/index.php?rest_route=\/wp\/v2\/posts\/109128","targetHints":{"allow":["GET"]}}],"collection":[{"href":"https:\/\/diarioregionaldigital.com.br\/index.php?rest_route=\/wp\/v2\/posts"}],"about":[{"href":"https:\/\/diarioregionaldigital.com.br\/index.php?rest_route=\/wp\/v2\/types\/post"}],"author":[{"embeddable":true,"href":"https:\/\/diarioregionaldigital.com.br\/index.php?rest_route=\/wp\/v2\/users\/96"}],"replies":[{"embeddable":true,"href":"https:\/\/diarioregionaldigital.com.br\/index.php?rest_route=%2Fwp%2Fv2%2Fcomments&post=109128"}],"version-history":[{"count":0,"href":"https:\/\/diarioregionaldigital.com.br\/index.php?rest_route=\/wp\/v2\/posts\/109128\/revisions"}],"wp:featuredmedia":[{"embeddable":true,"href":"https:\/\/diarioregionaldigital.com.br\/index.php?rest_route=\/wp\/v2\/media\/109129"}],"wp:attachment":[{"href":"https:\/\/diarioregionaldigital.com.br\/index.php?rest_route=%2Fwp%2Fv2%2Fmedia&parent=109128"}],"wp:term":[{"taxonomy":"category","embeddable":true,"href":"https:\/\/diarioregionaldigital.com.br\/index.php?rest_route=%2Fwp%2Fv2%2Fcategories&post=109128"},{"taxonomy":"post_tag","embeddable":true,"href":"https:\/\/diarioregionaldigital.com.br\/index.php?rest_route=%2Fwp%2Fv2%2Ftags&post=109128"}],"curies":[{"name":"wp","href":"https:\/\/api.w.org\/{rel}","templated":true}]}}