{"id":109123,"date":"2018-06-25T14:57:26","date_gmt":"2018-06-25T17:57:26","guid":{"rendered":"http:\/\/diarioregionaljf.com.br\/?p=109123"},"modified":"2018-06-25T15:00:35","modified_gmt":"2018-06-25T18:00:35","slug":"adolescente-de-15-anos-e-morto-em-visconde-do-rio-branco","status":"publish","type":"post","link":"https:\/\/diarioregionaldigital.com.br\/?p=109123","title":{"rendered":"Adolescente de 15 anos \u00e9 morto em Visconde do Rio Branco"},"content":{"rendered":"<p>Um homem de 32 anos \u00e9 suspeito de matar um adolescente de 15 anos no in\u00edcio da tarde deste domingo, 24, no bairro Planalto, em Visconde do Rio Branco, na Zona da Mata Mineira.<\/p>\n<p>Pol\u00edcia Militar foi acionada mas ao chegar no local, por volta das 13 horas, j\u00e1 encontrou o corpo do adolescente j\u00e1 sem vida. Um m\u00e9dico do SAMU constatou o \u00f3bito. Ap\u00f3s o crime, o ve\u00edculo do autor foi incendiado por populares.<\/p>\n<p>A Per\u00edcia T\u00e9cnica da Pol\u00edcia Civil constatou que a v\u00edtima sofreu diversas facadas pelo corpo, na regi\u00e3o da nuca, pesco\u00e7o, ombros e ambas as m\u00e3os.<\/p>\n<p>Ap\u00f3s a briga, o autor fugiu. A Pol\u00edcia Militar realizou diversos rastreamentos, inclusive no bairro Col\u00f4nia onde o suspeito teria sido visto, mas sem sucesso.<\/p>\n<p>&nbsp;<\/p>\n<p>Fonte: Ag\u00eancia Mineira<\/p>\n<p>&nbsp;<\/p>\n","protected":false},"excerpt":{"rendered":"<p>Um homem de 32 anos \u00e9 suspeito de matar um adolescente de 15 anos no in\u00edcio da tarde deste domingo, 24, no bairro Planalto, em Visconde do Rio Branco, na Zona da Mata Mineira. Pol\u00edcia Militar foi acionada mas ao chegar no local, por volta das 13 horas, j\u00e1 encontrou o corpo do adolescente j\u00e1 [&hellip;]<\/p>\n","protected":false},"author":96,"featured_media":95105,"comment_status":"closed","ping_status":"closed","sticky":false,"template":"","format":"standard","meta":{"footnotes":""},"categories":[252],"tags":[],"class_list":["post-109123","post","type-post","status-publish","format-standard","has-post-thumbnail","hentry","category-regiao"],"_links":{"self":[{"href":"https:\/\/diarioregionaldigital.com.br\/index.php?rest_route=\/wp\/v2\/posts\/109123","targetHints":{"allow":["GET"]}}],"collection":[{"href":"https:\/\/diarioregionaldigital.com.br\/index.php?rest_route=\/wp\/v2\/posts"}],"about":[{"href":"https:\/\/diarioregionaldigital.com.br\/index.php?rest_route=\/wp\/v2\/types\/post"}],"author":[{"embeddable":true,"href":"https:\/\/diarioregionaldigital.com.br\/index.php?rest_route=\/wp\/v2\/users\/96"}],"replies":[{"embeddable":true,"href":"https:\/\/diarioregionaldigital.com.br\/index.php?rest_route=%2Fwp%2Fv2%2Fcomments&post=109123"}],"version-history":[{"count":0,"href":"https:\/\/diarioregionaldigital.com.br\/index.php?rest_route=\/wp\/v2\/posts\/109123\/revisions"}],"wp:featuredmedia":[{"embeddable":true,"href":"https:\/\/diarioregionaldigital.com.br\/index.php?rest_route=\/wp\/v2\/media\/95105"}],"wp:attachment":[{"href":"https:\/\/diarioregionaldigital.com.br\/index.php?rest_route=%2Fwp%2Fv2%2Fmedia&parent=109123"}],"wp:term":[{"taxonomy":"category","embeddable":true,"href":"https:\/\/diarioregionaldigital.com.br\/index.php?rest_route=%2Fwp%2Fv2%2Fcategories&post=109123"},{"taxonomy":"post_tag","embeddable":true,"href":"https:\/\/diarioregionaldigital.com.br\/index.php?rest_route=%2Fwp%2Fv2%2Ftags&post=109123"}],"curies":[{"name":"wp","href":"https:\/\/api.w.org\/{rel}","templated":true}]}}