{"id":109120,"date":"2018-06-25T14:47:11","date_gmt":"2018-06-25T17:47:11","guid":{"rendered":"http:\/\/diarioregionaljf.com.br\/?p=109120"},"modified":"2018-06-25T14:47:11","modified_gmt":"2018-06-25T17:47:11","slug":"secretaria-de-saude-amplia-campanha-de-vacinacao-contra-a-gripe","status":"publish","type":"post","link":"https:\/\/diarioregionaldigital.com.br\/?p=109120","title":{"rendered":"Secretaria de Sa\u00fade amplia campanha de vacina\u00e7\u00e3o contra a gripe"},"content":{"rendered":"<p>Ap\u00f3s duas prorroga\u00e7\u00f5es, a Secretaria de Sa\u00fade (SS) da Prefeitura de Juiz de Fora (PJF), atrav\u00e9s do setor de imuniza\u00e7\u00e3o e por orienta\u00e7\u00e3o do Minist\u00e9rio da Sa\u00fade (MS), ampliar\u00e1 a vacina\u00e7\u00e3o a partir desta segunda-feira, 25, para crian\u00e7as com idades entre 5 a 9 anos e adultos de 50 a 59 anos.<\/p>\n<p>Na cidade, at\u00e9 o momento, 91,66% do p\u00fablico-alvo receberam a dose contra gripe. O grupo de crian\u00e7as continua sendo o de menor cobertura, com 17.243 doses aplicadas, equivalente a 64,25 % do total, seguido das gr\u00e1vidas, 64,49%. A meta de 90% foi atingida em todos os demais grupos priorit\u00e1rios, como trabalhadores da sa\u00fade, 107.12%; pu\u00e9rperas, 96,37; idosos, 97,40%; e profissionais de educa\u00e7\u00e3o,115,58%.<\/p>\n<p>Em seu portal de not\u00edcias, o Minist\u00e9rio da Sa\u00fade (MS) faz um alerta: mais de 40 crian\u00e7as com at\u00e9 5 anos j\u00e1 morreram no Brasil este ano v\u00edtimas de complica\u00e7\u00f5es relacionados \u00e0 gripe. \u201cOs dados s\u00e3o maiores que o dobro do mesmo per\u00edodo do ano passado, quando foram 14 mortes, e acende um alerta para pais e respons\u00e1veis levarem os pequenos aos postos de vacina\u00e7\u00e3o\u201d, chama a aten\u00e7\u00e3o a nota.<\/p>\n<p>Para a m\u00e9dica do Departamento de Vigil\u00e2ncia Epidemiol\u00f3gica e Ambiental da SS, S\u00f4nia Rodrigues, a imuniza\u00e7\u00e3o \u00e9 fundamental para boa sa\u00fade coletiva. \u201cAl\u00e9m do calend\u00e1rio e programa brasileiro de vacina\u00e7\u00e3o ser refer\u00eancia, \u00e9 importante lembrar que atrav\u00e9s da vacina\u00e7\u00e3o j\u00e1 conseguimos erradicar v\u00e1rias doen\u00e7as, como a poliomielite, no Continente Americano, e a var\u00edola, em todo o mundo\u201d. S\u00f4nia explica, ainda, que a imuniza\u00e7\u00e3o evita a propaga\u00e7\u00e3o do v\u00edrus, desse modo, quanto mais pessoas vacinadas, menor a chance de surtos da doen\u00e7a. \u201cPor isso, precisamos pensar no coletivo. No que \u00e9 melhor para a nossa popula\u00e7\u00e3o\u201d.<\/p>\n<p>As vacinas estar\u00e3o dispon\u00edveis nas 63 unidades b\u00e1sicas de Sa\u00fade (UBS); no Posto de Atendimento M\u00e9dico (PAM) Marechal, t\u00e9rreo; e nos departamentos de Sa\u00fade da Crian\u00e7a e do Adolescente (DCSA), na Rua S\u00e3o Sebasti\u00e3o, 772, Centro (para as crian\u00e7as), e do Idoso (DSI), na Rua Batista de Oliveira, 943, Centro, quase esquina com Avenida Itamar Franco (para pessoas com mais de 60 anos).<\/p>\n<p>A vacina ofertada \u00e9 a trivalente, que protege contra os tr\u00eas subtipos da influenza: H1N1, H3N2 e influenza B. Composta por v\u00edrus inativados, ou seja, mortos, \u00e9 segura. A dose \u00e9 contraindicada para pessoas que t\u00eam hist\u00f3rico de rea\u00e7\u00e3o grave a doses anteriores ou alergia grave a ovo de galinha. \u00c9 recomendado adiar a vacina\u00e7\u00e3o por dez dias nas pessoas que apresentam doen\u00e7a aguda grave.<\/p>\n<p>&nbsp;<\/p>\n<p>Fonte: Assessoria PJF<\/p>\n","protected":false},"excerpt":{"rendered":"<p>Ap\u00f3s duas prorroga\u00e7\u00f5es, a Secretaria de Sa\u00fade (SS) da Prefeitura de Juiz de Fora (PJF), atrav\u00e9s do setor de imuniza\u00e7\u00e3o e por orienta\u00e7\u00e3o do Minist\u00e9rio da Sa\u00fade (MS), ampliar\u00e1 a vacina\u00e7\u00e3o a partir desta segunda-feira, 25, para crian\u00e7as com idades entre 5 a 9 anos e adultos de 50 a 59 anos. Na cidade, at\u00e9 [&hellip;]<\/p>\n","protected":false},"author":96,"featured_media":109121,"comment_status":"closed","ping_status":"closed","sticky":false,"template":"","format":"standard","meta":{"footnotes":""},"categories":[253,440],"tags":[],"class_list":["post-109120","post","type-post","status-publish","format-standard","has-post-thumbnail","hentry","category-cidade","category-destaques-do-dia"],"_links":{"self":[{"href":"https:\/\/diarioregionaldigital.com.br\/index.php?rest_route=\/wp\/v2\/posts\/109120","targetHints":{"allow":["GET"]}}],"collection":[{"href":"https:\/\/diarioregionaldigital.com.br\/index.php?rest_route=\/wp\/v2\/posts"}],"about":[{"href":"https:\/\/diarioregionaldigital.com.br\/index.php?rest_route=\/wp\/v2\/types\/post"}],"author":[{"embeddable":true,"href":"https:\/\/diarioregionaldigital.com.br\/index.php?rest_route=\/wp\/v2\/users\/96"}],"replies":[{"embeddable":true,"href":"https:\/\/diarioregionaldigital.com.br\/index.php?rest_route=%2Fwp%2Fv2%2Fcomments&post=109120"}],"version-history":[{"count":0,"href":"https:\/\/diarioregionaldigital.com.br\/index.php?rest_route=\/wp\/v2\/posts\/109120\/revisions"}],"wp:featuredmedia":[{"embeddable":true,"href":"https:\/\/diarioregionaldigital.com.br\/index.php?rest_route=\/wp\/v2\/media\/109121"}],"wp:attachment":[{"href":"https:\/\/diarioregionaldigital.com.br\/index.php?rest_route=%2Fwp%2Fv2%2Fmedia&parent=109120"}],"wp:term":[{"taxonomy":"category","embeddable":true,"href":"https:\/\/diarioregionaldigital.com.br\/index.php?rest_route=%2Fwp%2Fv2%2Fcategories&post=109120"},{"taxonomy":"post_tag","embeddable":true,"href":"https:\/\/diarioregionaldigital.com.br\/index.php?rest_route=%2Fwp%2Fv2%2Ftags&post=109120"}],"curies":[{"name":"wp","href":"https:\/\/api.w.org\/{rel}","templated":true}]}}