{"id":109117,"date":"2018-06-25T14:30:06","date_gmt":"2018-06-25T17:30:06","guid":{"rendered":"http:\/\/diarioregionaljf.com.br\/?p=109117"},"modified":"2018-06-25T14:30:06","modified_gmt":"2018-06-25T17:30:06","slug":"usuarios-da-ubs-de-santos-dumont-recebem-mutirao-de-saude-nesta-terca","status":"publish","type":"post","link":"https:\/\/diarioregionaldigital.com.br\/?p=109117","title":{"rendered":"Usu\u00e1rios da UBS de Santos Dumont recebem mutir\u00e3o de sa\u00fade nesta ter\u00e7a"},"content":{"rendered":"<p>Os moradores do bairro Santos Dumont recebem, nesta ter\u00e7a-feira, dia 26, o mutir\u00e3o de sa\u00fade com atendimento multiprofissional. A a\u00e7\u00e3o \u00e9 realizada gra\u00e7as \u00e0 parceria entre os residentes da UFJF e a Secretaria de Sa\u00fade (SS). Das 8 \u00e0s 11 horas, os usu\u00e1rios da Unidade B\u00e1sica de Sa\u00fade (UBS) do bairro ter\u00e3o acesso a um pacote de servi\u00e7os, como medica\u00e7\u00e3o de press\u00e3o arterial, pesagem, orienta\u00e7\u00e3o sobre alimenta\u00e7\u00e3o saud\u00e1vel e sobre a pr\u00e1tica de exerc\u00edcios f\u00edsico, al\u00e9m de atendimento nas \u00e1reas de psicologia, servi\u00e7o social e fisioterapia.<\/p>\n<p>Os atendimentos ser\u00e3o feito em frente \u00e0 unidade de sa\u00fade, na Rua \u00c1lvaro Jos\u00e9 Rodrigues, 25. Nos casos em que for identificada a necessidade de acompanhamento, os usu\u00e1rios ser\u00e3o encaminhados para rede SUS da cidade.<\/p>\n<p>&nbsp;<\/p>\n<p>Fonte: Assessoria PJF<\/p>\n","protected":false},"excerpt":{"rendered":"<p>Os moradores do bairro Santos Dumont recebem, nesta ter\u00e7a-feira, dia 26, o mutir\u00e3o de sa\u00fade com atendimento multiprofissional. A a\u00e7\u00e3o \u00e9 realizada gra\u00e7as \u00e0 parceria entre os residentes da UFJF e a Secretaria de Sa\u00fade (SS). Das 8 \u00e0s 11 horas, os usu\u00e1rios da Unidade B\u00e1sica de Sa\u00fade (UBS) do bairro ter\u00e3o acesso a um [&hellip;]<\/p>\n","protected":false},"author":96,"featured_media":105098,"comment_status":"closed","ping_status":"closed","sticky":false,"template":"","format":"standard","meta":{"footnotes":""},"categories":[253,439],"tags":[],"class_list":["post-109117","post","type-post","status-publish","format-standard","has-post-thumbnail","hentry","category-cidade","category-ultima-hora"],"_links":{"self":[{"href":"https:\/\/diarioregionaldigital.com.br\/index.php?rest_route=\/wp\/v2\/posts\/109117","targetHints":{"allow":["GET"]}}],"collection":[{"href":"https:\/\/diarioregionaldigital.com.br\/index.php?rest_route=\/wp\/v2\/posts"}],"about":[{"href":"https:\/\/diarioregionaldigital.com.br\/index.php?rest_route=\/wp\/v2\/types\/post"}],"author":[{"embeddable":true,"href":"https:\/\/diarioregionaldigital.com.br\/index.php?rest_route=\/wp\/v2\/users\/96"}],"replies":[{"embeddable":true,"href":"https:\/\/diarioregionaldigital.com.br\/index.php?rest_route=%2Fwp%2Fv2%2Fcomments&post=109117"}],"version-history":[{"count":0,"href":"https:\/\/diarioregionaldigital.com.br\/index.php?rest_route=\/wp\/v2\/posts\/109117\/revisions"}],"wp:featuredmedia":[{"embeddable":true,"href":"https:\/\/diarioregionaldigital.com.br\/index.php?rest_route=\/wp\/v2\/media\/105098"}],"wp:attachment":[{"href":"https:\/\/diarioregionaldigital.com.br\/index.php?rest_route=%2Fwp%2Fv2%2Fmedia&parent=109117"}],"wp:term":[{"taxonomy":"category","embeddable":true,"href":"https:\/\/diarioregionaldigital.com.br\/index.php?rest_route=%2Fwp%2Fv2%2Fcategories&post=109117"},{"taxonomy":"post_tag","embeddable":true,"href":"https:\/\/diarioregionaldigital.com.br\/index.php?rest_route=%2Fwp%2Fv2%2Ftags&post=109117"}],"curies":[{"name":"wp","href":"https:\/\/api.w.org\/{rel}","templated":true}]}}