{"id":109114,"date":"2018-06-25T14:19:12","date_gmt":"2018-06-25T17:19:12","guid":{"rendered":"http:\/\/diarioregionaljf.com.br\/?p=109114"},"modified":"2018-06-25T14:19:12","modified_gmt":"2018-06-25T17:19:12","slug":"termina-nesta-semana-prazo-para-alistamento-militar","status":"publish","type":"post","link":"https:\/\/diarioregionaldigital.com.br\/?p=109114","title":{"rendered":"Termina nesta semana prazo para alistamento militar"},"content":{"rendered":"<p>Jovens do sexo masculino ou homens transg\u00eanero devem ficar atentos ao prazo para fazer o alistamento militar: quem, at\u00e9 30 de junho, n\u00e3o estiver inscrito na sele\u00e7\u00e3o, estar\u00e1 sujeito a uma multa que, at\u00e9 o m\u00eas de junho, \u00e9 de R$ 4,14. Esse valor \u00e9 atualizado a cada tr\u00eas meses, de acordo com o \u00cdndice de Pre\u00e7os ao Consumidor (IPCA).<\/p>\n<p>Al\u00e9m da multa, quem n\u00e3o se alista fica em d\u00e9bito com o Servi\u00e7o Militar. Isso significa que o jovem estar\u00e1 impedido de usufruir de diversos servi\u00e7os p\u00fablicos. Por exemplo: ele n\u00e3o poder\u00e1 obter ou prorrogar validade de passaporte; obter carteira profissional, registro de diploma de profiss\u00f5es liberais, matr\u00edcula ou inscri\u00e7\u00e3o para o exerc\u00edcio de qualquer fun\u00e7\u00e3o e licen\u00e7a de ind\u00fastria e profiss\u00e3o.<\/p>\n<p>Os estudos e o trabalho tamb\u00e9m ficam prejudicados: quem perde o prazo, enquanto n\u00e3o regularizar a situa\u00e7\u00e3o, fica impedido de prestar exame ou matricular-se em qualquer estabelecimento de ensino; e de inscrever-se em concurso para provimento de cargo p\u00fablico.<\/p>\n<p>Por fim, outros impedimentos s\u00e3o: ingressar como funcion\u00e1rio, empregado ou associado em institui\u00e7\u00e3o, empresa ou associa\u00e7\u00e3o oficial, oficializada ou subvencionada; assinar contrato com o governo federal, estadual, dos territ\u00f3rios ou munic\u00edpios; exercer, a qualquer t\u00edtulo, sem distin\u00e7\u00e3o de categoria ou forma de pagamento, qualquer fun\u00e7\u00e3o p\u00fablica ou cargo p\u00fablico, eletivos ou de nomea\u00e7\u00e3o; e receber qualquer pr\u00eamio ou favor do governo federal, estadual, dos territ\u00f3rios ou munic\u00edpios.<\/p>\n<p>Para se alistar o jovem deve acessar o Site, <a href=\"https:\/\/www.alistamento.eb.mil.br\/\" target=\"_blank\" rel=\"noopener\">clicando aqui<\/a>.<\/p>\n<p>&nbsp;<\/p>\n<p>&nbsp;<\/p>\n<p>Fonte: M\u00eddia Mineira<\/p>\n<div id=\"post-body-6773155907797974782\" class=\"post-body entry-content\">\n<div><\/div>\n<\/div>\n<div class=\"post-footer\">\n<div class=\"post-footer-line post-footer-line-1\">\n<div class=\"fb-page fb_iframe_widget\" data-adapt-container-width=\"true\" data-hide-cover=\"false\" data-href=\"https:\/\/www.facebook.com\/midiamineira\/\" data-show-facepile=\"true\" data-small-header=\"true\" data-width=\"500\"><\/div>\n<\/div>\n<\/div>\n","protected":false},"excerpt":{"rendered":"<p>Jovens do sexo masculino ou homens transg\u00eanero devem ficar atentos ao prazo para fazer o alistamento militar: quem, at\u00e9 30 de junho, n\u00e3o estiver inscrito na sele\u00e7\u00e3o, estar\u00e1 sujeito a uma multa que, at\u00e9 o m\u00eas de junho, \u00e9 de R$ 4,14. Esse valor \u00e9 atualizado a cada tr\u00eas meses, de acordo com o \u00cdndice [&hellip;]<\/p>\n","protected":false},"author":96,"featured_media":109115,"comment_status":"closed","ping_status":"closed","sticky":false,"template":"","format":"standard","meta":{"footnotes":""},"categories":[302,439],"tags":[],"class_list":["post-109114","post","type-post","status-publish","format-standard","has-post-thumbnail","hentry","category-brasil-mundo","category-ultima-hora"],"_links":{"self":[{"href":"https:\/\/diarioregionaldigital.com.br\/index.php?rest_route=\/wp\/v2\/posts\/109114","targetHints":{"allow":["GET"]}}],"collection":[{"href":"https:\/\/diarioregionaldigital.com.br\/index.php?rest_route=\/wp\/v2\/posts"}],"about":[{"href":"https:\/\/diarioregionaldigital.com.br\/index.php?rest_route=\/wp\/v2\/types\/post"}],"author":[{"embeddable":true,"href":"https:\/\/diarioregionaldigital.com.br\/index.php?rest_route=\/wp\/v2\/users\/96"}],"replies":[{"embeddable":true,"href":"https:\/\/diarioregionaldigital.com.br\/index.php?rest_route=%2Fwp%2Fv2%2Fcomments&post=109114"}],"version-history":[{"count":0,"href":"https:\/\/diarioregionaldigital.com.br\/index.php?rest_route=\/wp\/v2\/posts\/109114\/revisions"}],"wp:featuredmedia":[{"embeddable":true,"href":"https:\/\/diarioregionaldigital.com.br\/index.php?rest_route=\/wp\/v2\/media\/109115"}],"wp:attachment":[{"href":"https:\/\/diarioregionaldigital.com.br\/index.php?rest_route=%2Fwp%2Fv2%2Fmedia&parent=109114"}],"wp:term":[{"taxonomy":"category","embeddable":true,"href":"https:\/\/diarioregionaldigital.com.br\/index.php?rest_route=%2Fwp%2Fv2%2Fcategories&post=109114"},{"taxonomy":"post_tag","embeddable":true,"href":"https:\/\/diarioregionaldigital.com.br\/index.php?rest_route=%2Fwp%2Fv2%2Ftags&post=109114"}],"curies":[{"name":"wp","href":"https:\/\/api.w.org\/{rel}","templated":true}]}}