{"id":109106,"date":"2018-06-25T13:49:55","date_gmt":"2018-06-25T16:49:55","guid":{"rendered":"http:\/\/diarioregionaljf.com.br\/?p=109106"},"modified":"2018-06-25T13:49:55","modified_gmt":"2018-06-25T16:49:55","slug":"ipea-perfil-do-desempregado-e-mulher-nordestina-entre-18-e-24-anos","status":"publish","type":"post","link":"https:\/\/diarioregionaldigital.com.br\/?p=109106","title":{"rendered":"Ipea: perfil do desempregado \u00e9 mulher, nordestina, entre 18 e 24 anos"},"content":{"rendered":"<p>O desempregado no Brasil tem um perfil: \u00e9 mulher, nordestina, e com idade entre 18 e 24 anos. Ela tem ensino fundamental incompleto e mora em regi\u00f5es metropolitanas. \u00c9 o que consta da se\u00e7\u00e3o Mercado de Trabalho, da Carta de Conjuntura, divulgada nessa segunda-feira, 25, pelo Instituto de Pesquisa Econ\u00f4mica Aplicada (Ipea).<\/p>\n<p>Tendo por base dados obtidos pela Pesquisa Nacional por Amostra de Domic\u00edlios Cont\u00ednua (PNADC) e do Cadastro Geral de Empregados e Desempregados (Caged), o estudo identifica um comportamento distinto da ocupa\u00e7\u00e3o, dependendo da idade do trabalhador e de seu grau de instru\u00e7\u00e3o. De acordo com o Ipea, o recuo da taxa de desocupa\u00e7\u00e3o ocorre \u201cde modo disseminado em todas as categorias, sendo mais significativo nas regi\u00f5es Norte e Centro-Oeste e no grupo de trabalhadores com idade entre 25 e 39 anos, com ensino m\u00e9dio incompleto e n\u00e3o residente nas regi\u00f5es metropolitanas\u201d.<\/p>\n<p>Na compara\u00e7\u00e3o com os n\u00fameros obtidos em 2017, os estados que registraram aumento da desocupa\u00e7\u00e3o foram Piau\u00ed, Sergipe, Maranh\u00e3o, Pernambuco e Rio de Janeiro. J\u00e1 os estados que apresentaram queda mais acentuada no \u00edndice de desemprego foram Amazonas, Tocantins, Goi\u00e1s e Mato Grosso do Sul.<\/p>\n<h5>Idoso<\/h5>\n<p>A popula\u00e7\u00e3o ocupada com idade superior a 60 anos aumentou em 8%, percentual bem acima ao do registrado na popula\u00e7\u00e3o de trabalhadores com idade entre 25 e 39 anos, que aumentou 0,9% no primeiro trimestre de 2018, na compara\u00e7\u00e3o com o mesmo per\u00edodo de 2017. Entre os com ensino m\u00e9dio incompleto, a ocupa\u00e7\u00e3o aumentou 10%. J\u00e1 entre os com ensino fundamental, a ocupa\u00e7\u00e3o recuou 9%.<\/p>\n<p>Na avalia\u00e7\u00e3o do Ipea, o crescimento dos mais idosos na for\u00e7a de trabalho tem ocorrido pelo fato de a parcela de idosos que decidem deixar a for\u00e7a de trabalho e ir para a inatividade vem recuando, e n\u00e3o devido ao aumento do n\u00famero desses trabalhadores que est\u00e3o saindo da inatividade e retornando ao mercado de trabalho.<\/p>\n<p>Alguns fatores s\u00e3o citados pelos pesquisadores como relevantes para explicar a perman\u00eancia dos mais velhos no mercado de trabalho. Um deles est\u00e1 relacionado \u00e0 busca por um aumento na renda. O outro fator est\u00e1 relacionado ao aumento de expectativa de vida do brasileiro.<\/p>\n<h5>Desemprego<\/h5>\n<p>Citando n\u00fameros divulgados pelo PNADC, o estudo mostra que em abril o desemprego voltou a cair, ap\u00f3s ter apresentado aumento no primeiro trimestre de 2018, na compara\u00e7\u00e3o com o \u00faltimo trimestre de 2017. Se comparado aos n\u00fameros de abril do ano passado, o recuo do desemprego ficou em 0,7 ponto percentual (p.p.). A constru\u00e7\u00e3o civil apresentou saldos mensais positivos mas, no acumulado de 12 meses, o setor continua apresentando \u201cdestrui\u00e7\u00e3o de empregos\u201d, segundo o Ipea.<\/p>\n<p>\u201cEm maio de 2018, esse setor abriu mais de 3 mil vagas com certeira assinada, apresentando um resultado bem superior ao observado no mesmo m\u00eas de 2017\u201d. O setor que apresentou maior dinamismo foi o de servi\u00e7os, com um saldo positivo l\u00edquido pr\u00f3ximo a 190 mil novos postos de trabalho nos 12 meses at\u00e9 maio.<\/p>\n<p>Autora da pesquisa, Maria Andr\u00e9ia Lameiras avalia que apesar de o mercado ter apresentado sinais de melhora nos \u00faltimos trimestres, dados recentes apontam uma estabilidade que \u201ccoloca em d\u00favida o ritmo da recupera\u00e7\u00e3o\u201d. Devido \u00e0 desacelera\u00e7\u00e3o do crescimento da popula\u00e7\u00e3o ocupara, a taxa de desocupa\u00e7\u00e3o vem se mantendo em torno de 12,5%. \u201cViemos de um per\u00edodo de retra\u00e7\u00e3o muito grande. Nossa recupera\u00e7\u00e3o apresenta bases ainda fr\u00e1geis, com muita informalidade, o que traz alta volatilidade para o setor, tanto em termos de ocupa\u00e7\u00e3o, quanto de rendimento\u201d, explicoua pesquisadora do Ipea por meio de nota.<\/p>\n<p>No primeiro trimestre de 2018, o grupo institu\u00eddo pelos chamados desalentados \u2013 pessoas que n\u00e3o procuram emprego por n\u00e3o acreditarem na possibilidade de conseguir uma vaga \u2013 voltou a avan\u00e7ar \u201cde forma mais significativa, correspondendo a quase 3% do total da popula\u00e7\u00e3o em idade ativa\u201d. De acordo com o Ipea, o aumento desse grupo \u201cocorreu por conta da migra\u00e7\u00e3o de trabalhadores que at\u00e9 ent\u00e3o estavam ocupados, mas ao perderem seus postos de trabalho transitaram diretamente para o desalento, ao inv\u00e9s de permanecerem na desocupa\u00e7\u00e3o\u201d, n\u00e3o estando, portanto, relacionado a pessoas que estavam sem emprego e desistiram de procurar emprego.<\/p>\n<p>&nbsp;<\/p>\n<p>Fonte: Ag\u00eancia Brasil<\/p>\n","protected":false},"excerpt":{"rendered":"<p>O desempregado no Brasil tem um perfil: \u00e9 mulher, nordestina, e com idade entre 18 e 24 anos. Ela tem ensino fundamental incompleto e mora em regi\u00f5es metropolitanas. \u00c9 o que consta da se\u00e7\u00e3o Mercado de Trabalho, da Carta de Conjuntura, divulgada nessa segunda-feira, 25, pelo Instituto de Pesquisa Econ\u00f4mica Aplicada (Ipea). Tendo por base [&hellip;]<\/p>\n","protected":false},"author":96,"featured_media":109108,"comment_status":"closed","ping_status":"closed","sticky":false,"template":"","format":"standard","meta":{"footnotes":""},"categories":[302,440],"tags":[],"class_list":["post-109106","post","type-post","status-publish","format-standard","has-post-thumbnail","hentry","category-brasil-mundo","category-destaques-do-dia"],"_links":{"self":[{"href":"https:\/\/diarioregionaldigital.com.br\/index.php?rest_route=\/wp\/v2\/posts\/109106","targetHints":{"allow":["GET"]}}],"collection":[{"href":"https:\/\/diarioregionaldigital.com.br\/index.php?rest_route=\/wp\/v2\/posts"}],"about":[{"href":"https:\/\/diarioregionaldigital.com.br\/index.php?rest_route=\/wp\/v2\/types\/post"}],"author":[{"embeddable":true,"href":"https:\/\/diarioregionaldigital.com.br\/index.php?rest_route=\/wp\/v2\/users\/96"}],"replies":[{"embeddable":true,"href":"https:\/\/diarioregionaldigital.com.br\/index.php?rest_route=%2Fwp%2Fv2%2Fcomments&post=109106"}],"version-history":[{"count":0,"href":"https:\/\/diarioregionaldigital.com.br\/index.php?rest_route=\/wp\/v2\/posts\/109106\/revisions"}],"wp:featuredmedia":[{"embeddable":true,"href":"https:\/\/diarioregionaldigital.com.br\/index.php?rest_route=\/wp\/v2\/media\/109108"}],"wp:attachment":[{"href":"https:\/\/diarioregionaldigital.com.br\/index.php?rest_route=%2Fwp%2Fv2%2Fmedia&parent=109106"}],"wp:term":[{"taxonomy":"category","embeddable":true,"href":"https:\/\/diarioregionaldigital.com.br\/index.php?rest_route=%2Fwp%2Fv2%2Fcategories&post=109106"},{"taxonomy":"post_tag","embeddable":true,"href":"https:\/\/diarioregionaldigital.com.br\/index.php?rest_route=%2Fwp%2Fv2%2Ftags&post=109106"}],"curies":[{"name":"wp","href":"https:\/\/api.w.org\/{rel}","templated":true}]}}