{"id":109098,"date":"2018-06-25T13:14:26","date_gmt":"2018-06-25T16:14:26","guid":{"rendered":"http:\/\/diarioregionaljf.com.br\/?p=109098"},"modified":"2018-06-25T13:14:26","modified_gmt":"2018-06-25T16:14:26","slug":"greve-dos-caminhoneiros-afetou-resultado-das-contas-externas","status":"publish","type":"post","link":"https:\/\/diarioregionaldigital.com.br\/?p=109098","title":{"rendered":"Greve dos caminhoneiros afetou resultado das contas externas"},"content":{"rendered":"<p>Apesar de apresentar o terceiro resultado positivo seguido, o super\u00e1vit das contas externas em maio ficou abaixo do esperado pelo Banco Central (BC). No m\u00eas passado, o super\u00e1vit em transa\u00e7\u00f5es correntes, que s\u00e3o compras e vendas de mercadorias e servi\u00e7os e transfer\u00eancias de renda do pa\u00eds com o mundo, ficou em US$ 729 milh\u00f5es. A previs\u00e3o do BC era que esse resultado chegasse a US$ 2,5 bilh\u00f5es.<\/p>\n<p>Segundo o chefe do Departamento de Estat\u00edsticas do BC, Fernando Rocha, o resultado de maio foi influenciado pelos efeitos da greve do caminhoneiros, a partir de 21 de maio, o que provocou grave crise de abastecimento no pa\u00eds e paralisou o envio de produtos brasileiros para o exterior.<\/p>\n<p>\u201cEm maio, as exporta\u00e7\u00f5es reduziram 2,8% [em rela\u00e7\u00e3o ao mesmo m\u00eas de 2017]. Essa foi a primeira redu\u00e7\u00e3o desde dezembro de 2016. Isso foi um movimento pontual\u201d, disse Rocha.<\/p>\n<p>Com a redu\u00e7\u00e3o das exporta\u00e7\u00f5es, o super\u00e1vit comercial (exporta\u00e7\u00f5es menos importa\u00e7\u00f5es) ficou em US$ 5,558 bilh\u00f5es em maio, contra US$ 7,410 bilh\u00f5es em igual per\u00edodo de 2017.<\/p>\n<p>&nbsp;<\/p>\n<p>Fonte: Ag\u00eancia Brasil<\/p>\n","protected":false},"excerpt":{"rendered":"<p>Apesar de apresentar o terceiro resultado positivo seguido, o super\u00e1vit das contas externas em maio ficou abaixo do esperado pelo Banco Central (BC). No m\u00eas passado, o super\u00e1vit em transa\u00e7\u00f5es correntes, que s\u00e3o compras e vendas de mercadorias e servi\u00e7os e transfer\u00eancias de renda do pa\u00eds com o mundo, ficou em US$ 729 milh\u00f5es. A [&hellip;]<\/p>\n","protected":false},"author":96,"featured_media":109099,"comment_status":"closed","ping_status":"closed","sticky":false,"template":"","format":"standard","meta":{"footnotes":""},"categories":[302,439],"tags":[],"class_list":["post-109098","post","type-post","status-publish","format-standard","has-post-thumbnail","hentry","category-brasil-mundo","category-ultima-hora"],"_links":{"self":[{"href":"https:\/\/diarioregionaldigital.com.br\/index.php?rest_route=\/wp\/v2\/posts\/109098","targetHints":{"allow":["GET"]}}],"collection":[{"href":"https:\/\/diarioregionaldigital.com.br\/index.php?rest_route=\/wp\/v2\/posts"}],"about":[{"href":"https:\/\/diarioregionaldigital.com.br\/index.php?rest_route=\/wp\/v2\/types\/post"}],"author":[{"embeddable":true,"href":"https:\/\/diarioregionaldigital.com.br\/index.php?rest_route=\/wp\/v2\/users\/96"}],"replies":[{"embeddable":true,"href":"https:\/\/diarioregionaldigital.com.br\/index.php?rest_route=%2Fwp%2Fv2%2Fcomments&post=109098"}],"version-history":[{"count":0,"href":"https:\/\/diarioregionaldigital.com.br\/index.php?rest_route=\/wp\/v2\/posts\/109098\/revisions"}],"wp:featuredmedia":[{"embeddable":true,"href":"https:\/\/diarioregionaldigital.com.br\/index.php?rest_route=\/wp\/v2\/media\/109099"}],"wp:attachment":[{"href":"https:\/\/diarioregionaldigital.com.br\/index.php?rest_route=%2Fwp%2Fv2%2Fmedia&parent=109098"}],"wp:term":[{"taxonomy":"category","embeddable":true,"href":"https:\/\/diarioregionaldigital.com.br\/index.php?rest_route=%2Fwp%2Fv2%2Fcategories&post=109098"},{"taxonomy":"post_tag","embeddable":true,"href":"https:\/\/diarioregionaldigital.com.br\/index.php?rest_route=%2Fwp%2Fv2%2Ftags&post=109098"}],"curies":[{"name":"wp","href":"https:\/\/api.w.org\/{rel}","templated":true}]}}