{"id":109091,"date":"2018-06-25T10:50:06","date_gmt":"2018-06-25T13:50:06","guid":{"rendered":"http:\/\/diarioregionaljf.com.br\/?p=109091"},"modified":"2018-06-25T10:50:06","modified_gmt":"2018-06-25T13:50:06","slug":"mercado-espera-por-mais-inflacao-e-menor-crescimento-economico","status":"publish","type":"post","link":"https:\/\/diarioregionaldigital.com.br\/?p=109091","title":{"rendered":"Mercado espera por mais infla\u00e7\u00e3o e menor crescimento econ\u00f4mico"},"content":{"rendered":"<p>Institui\u00e7\u00f5es financeiras consultadas pelo Banco Central (BC) continuam reduzindo a proje\u00e7\u00e3o de crescimento da economia e aumentando a estimativa para a infla\u00e7\u00e3o. No sexto aumento seguido, a proje\u00e7\u00e3o para o \u00cdndice Nacional de Pre\u00e7os ao Consumidor Amplo (IPCA) subiu de 3,88% para 4% neste ano. Para 2019, a estimativa segue em 4,10%.<\/p>\n<p>Mesmo com o aumento nas proje\u00e7\u00f5es, as estimativas seguem abaixo da meta de 4,5%, com limite inferior de 3% e superior de 6% para este ano. Para 2019, a meta \u00e9 4,25% com intervalo de toler\u00e2ncia entre 2,75% e 5,75%.<\/p>\n<p>Para alcan\u00e7ar a meta de infla\u00e7\u00e3o, o BC usa como instrumento a taxa b\u00e1sica de juros, a Selic. Na semana passada, o Comit\u00ea de Pol\u00edtica Monet\u00e1ria (Copom) do BC\u00a0decidiu manter a Selic em 6,5% ao ano.<\/p>\n<h2>Taxa Selic deve ficar em 6,5% ao ano<\/h2>\n<p>Para as institui\u00e7\u00f5es financeiras, a Selic deve permanecer em 6,5% ao ano at\u00e9 o fim de 2018. Para 2019, a expectativa \u00e9 de aumento da taxa b\u00e1sica, terminando o per\u00edodo em 8% ao ano.<\/p>\n<p>Quando o Copom aumenta a Selic, objetivo \u00e9 conter a demanda aquecida, e isso causa reflexos nos pre\u00e7os porque os juros mais altos encarecem o cr\u00e9dito e estimulam a poupan\u00e7a.<\/p>\n<p>Quando o Copom diminui os juros b\u00e1sicos, a tend\u00eancia \u00e9 que o cr\u00e9dito fique mais barato, com incentivo \u00e0 produ\u00e7\u00e3o e ao consumo, reduzindo o controle da infla\u00e7\u00e3o.<\/p>\n<p>A manuten\u00e7\u00e3o da Selic, como prev\u00ea o mercado financeiro, indica que o Copom considera as altera\u00e7\u00f5es anteriores suficientes para chegar \u00e0 meta de infla\u00e7\u00e3o, objetivo que deve ser perseguido pelo BC.<\/p>\n<h2>Atividade econ\u00f4mica<\/h2>\n<p>A estimativa do mercado financeiro para o crescimento da economia continua sendo reduzida. A proje\u00e7\u00e3o para a expans\u00e3o do Produto Interno Bruto (PIB) \u2013 a soma de todos os bens e servi\u00e7os produzidos no pa\u00eds \u2013 passou de 1,76% para 1,55% na oitava redu\u00e7\u00e3o seguida.<\/p>\n<p>A previs\u00e3o de crescimento do PIB para 2019 caiu, pela terceira vez consecutiva, ao passar de 2,70% para 2,60%.<\/p>\n<p>A previs\u00e3o do mercado financeiro para a cota\u00e7\u00e3o do d\u00f3lar passou de R$ 3,63 para R$ 3,65 no fim deste ano, e permanece em R$ 3,60 para o fim de 2019.<\/p>\n<p>Fonte: Ag\u00eancia Brasil<\/p>\n","protected":false},"excerpt":{"rendered":"<p>Institui\u00e7\u00f5es financeiras consultadas pelo Banco Central (BC) continuam reduzindo a proje\u00e7\u00e3o de crescimento da economia e aumentando a estimativa para a infla\u00e7\u00e3o. No sexto aumento seguido, a proje\u00e7\u00e3o para o \u00cdndice Nacional de Pre\u00e7os ao Consumidor Amplo (IPCA) subiu de 3,88% para 4% neste ano. Para 2019, a estimativa segue em 4,10%. Mesmo com o [&hellip;]<\/p>\n","protected":false},"author":96,"featured_media":105072,"comment_status":"closed","ping_status":"closed","sticky":false,"template":"","format":"standard","meta":{"footnotes":""},"categories":[436,261,439],"tags":[],"class_list":["post-109091","post","type-post","status-publish","format-standard","has-post-thumbnail","hentry","category-destaque-da-semana","category-economia","category-ultima-hora"],"_links":{"self":[{"href":"https:\/\/diarioregionaldigital.com.br\/index.php?rest_route=\/wp\/v2\/posts\/109091","targetHints":{"allow":["GET"]}}],"collection":[{"href":"https:\/\/diarioregionaldigital.com.br\/index.php?rest_route=\/wp\/v2\/posts"}],"about":[{"href":"https:\/\/diarioregionaldigital.com.br\/index.php?rest_route=\/wp\/v2\/types\/post"}],"author":[{"embeddable":true,"href":"https:\/\/diarioregionaldigital.com.br\/index.php?rest_route=\/wp\/v2\/users\/96"}],"replies":[{"embeddable":true,"href":"https:\/\/diarioregionaldigital.com.br\/index.php?rest_route=%2Fwp%2Fv2%2Fcomments&post=109091"}],"version-history":[{"count":0,"href":"https:\/\/diarioregionaldigital.com.br\/index.php?rest_route=\/wp\/v2\/posts\/109091\/revisions"}],"wp:featuredmedia":[{"embeddable":true,"href":"https:\/\/diarioregionaldigital.com.br\/index.php?rest_route=\/wp\/v2\/media\/105072"}],"wp:attachment":[{"href":"https:\/\/diarioregionaldigital.com.br\/index.php?rest_route=%2Fwp%2Fv2%2Fmedia&parent=109091"}],"wp:term":[{"taxonomy":"category","embeddable":true,"href":"https:\/\/diarioregionaldigital.com.br\/index.php?rest_route=%2Fwp%2Fv2%2Fcategories&post=109091"},{"taxonomy":"post_tag","embeddable":true,"href":"https:\/\/diarioregionaldigital.com.br\/index.php?rest_route=%2Fwp%2Fv2%2Ftags&post=109091"}],"curies":[{"name":"wp","href":"https:\/\/api.w.org\/{rel}","templated":true}]}}