{"id":109085,"date":"2018-06-25T09:45:33","date_gmt":"2018-06-25T12:45:33","guid":{"rendered":"http:\/\/diarioregionaljf.com.br\/?p=109085"},"modified":"2018-06-25T09:46:01","modified_gmt":"2018-06-25T12:46:01","slug":"assaltante-armado-rouba-r13-mil-de-restaurante-no-centro","status":"publish","type":"post","link":"https:\/\/diarioregionaldigital.com.br\/?p=109085","title":{"rendered":"Assaltante armado rouba R$1,3 mil de restaurante no Centro"},"content":{"rendered":"<p>Um homem armado assaltou um restaurante na Avenida Bar\u00e3o do Rio Branco, regi\u00e3o Central da cidade, na tarde desse domingo, 24.<\/p>\n<p>Duas funcion\u00e1rias do estabelecimento relataram \u00e0 Pol\u00edcia Militar (PM) que foram surpreendidas pelo autor, que armado com uma pistola anunciou o assalto. O assaltante roubou R$1,3 mil em dinheiro do caixa do restaurante, al\u00e9m de um celular e um tal\u00e3o de cheques de uma das v\u00edtimas.<\/p>\n<p>O homem fugiu e n\u00e3o foi localizado.<\/p>\n","protected":false},"excerpt":{"rendered":"<p>Um homem armado assaltou um restaurante na Avenida Bar\u00e3o do Rio Branco, regi\u00e3o Central da cidade, na tarde desse domingo, 24. Duas funcion\u00e1rias do estabelecimento relataram \u00e0 Pol\u00edcia Militar (PM) que foram surpreendidas pelo autor, que armado com uma pistola anunciou o assalto. O assaltante roubou R$1,3 mil em dinheiro do caixa do restaurante, al\u00e9m [&hellip;]<\/p>\n","protected":false},"author":96,"featured_media":95836,"comment_status":"closed","ping_status":"closed","sticky":false,"template":"","format":"standard","meta":{"footnotes":""},"categories":[301,439],"tags":[],"class_list":["post-109085","post","type-post","status-publish","format-standard","has-post-thumbnail","hentry","category-artigos-policiais","category-ultima-hora"],"_links":{"self":[{"href":"https:\/\/diarioregionaldigital.com.br\/index.php?rest_route=\/wp\/v2\/posts\/109085","targetHints":{"allow":["GET"]}}],"collection":[{"href":"https:\/\/diarioregionaldigital.com.br\/index.php?rest_route=\/wp\/v2\/posts"}],"about":[{"href":"https:\/\/diarioregionaldigital.com.br\/index.php?rest_route=\/wp\/v2\/types\/post"}],"author":[{"embeddable":true,"href":"https:\/\/diarioregionaldigital.com.br\/index.php?rest_route=\/wp\/v2\/users\/96"}],"replies":[{"embeddable":true,"href":"https:\/\/diarioregionaldigital.com.br\/index.php?rest_route=%2Fwp%2Fv2%2Fcomments&post=109085"}],"version-history":[{"count":0,"href":"https:\/\/diarioregionaldigital.com.br\/index.php?rest_route=\/wp\/v2\/posts\/109085\/revisions"}],"wp:featuredmedia":[{"embeddable":true,"href":"https:\/\/diarioregionaldigital.com.br\/index.php?rest_route=\/wp\/v2\/media\/95836"}],"wp:attachment":[{"href":"https:\/\/diarioregionaldigital.com.br\/index.php?rest_route=%2Fwp%2Fv2%2Fmedia&parent=109085"}],"wp:term":[{"taxonomy":"category","embeddable":true,"href":"https:\/\/diarioregionaldigital.com.br\/index.php?rest_route=%2Fwp%2Fv2%2Fcategories&post=109085"},{"taxonomy":"post_tag","embeddable":true,"href":"https:\/\/diarioregionaldigital.com.br\/index.php?rest_route=%2Fwp%2Fv2%2Ftags&post=109085"}],"curies":[{"name":"wp","href":"https:\/\/api.w.org\/{rel}","templated":true}]}}