{"id":109056,"date":"2018-06-23T16:34:51","date_gmt":"2018-06-23T19:34:51","guid":{"rendered":"http:\/\/diarioregionaljf.com.br\/?p=109056"},"modified":"2018-06-25T08:51:58","modified_gmt":"2018-06-25T11:51:58","slug":"jovem-e-ameacada-e-assaltada-no-bairro-sao-pedro","status":"publish","type":"post","link":"https:\/\/diarioregionaldigital.com.br\/?p=109056","title":{"rendered":"Jovem \u00e9 amea\u00e7ada e assaltada no bairro S\u00e3o Pedro"},"content":{"rendered":"<p>Um jovem de 19 anos foi assaltada na noite dessa sexta-feira, 22, no bairro S\u00e3o Pedro, Cidade Alta.<\/p>\n<p>De acordo com informa\u00e7\u00f5es da Pol\u00edcia Militar (PM), a v\u00edtima relatou que transitava pela Avenida Pedro Henrique Krambeck\u00a0quando foi abordada por um indiv\u00edduo que saiu de tr\u00e1s de uma das muretas da pista e anunciou o assalto.<\/p>\n<p>O autor estava armado com um objeto pontiagudo e ap\u00f3s amea\u00e7as, exigiu que a jovem entregasse sua carteira e celular. A v\u00edtima, temerosa, entregou o aparelho celular.<\/p>\n<p>Ap\u00f3s a a\u00e7\u00e3o o autor fugiu em rumo ignorado e n\u00e3o foi localizado.<\/p>\n","protected":false},"excerpt":{"rendered":"<p>Um jovem de 19 anos foi assaltada na noite dessa sexta-feira, 22, no bairro S\u00e3o Pedro, Cidade Alta. De acordo com informa\u00e7\u00f5es da Pol\u00edcia Militar (PM), a v\u00edtima relatou que transitava pela Avenida Pedro Henrique Krambeck\u00a0quando foi abordada por um indiv\u00edduo que saiu de tr\u00e1s de uma das muretas da pista e anunciou o assalto. [&hellip;]<\/p>\n","protected":false},"author":96,"featured_media":97342,"comment_status":"closed","ping_status":"closed","sticky":false,"template":"","format":"standard","meta":{"footnotes":""},"categories":[301,439],"tags":[],"class_list":["post-109056","post","type-post","status-publish","format-standard","has-post-thumbnail","hentry","category-artigos-policiais","category-ultima-hora"],"_links":{"self":[{"href":"https:\/\/diarioregionaldigital.com.br\/index.php?rest_route=\/wp\/v2\/posts\/109056","targetHints":{"allow":["GET"]}}],"collection":[{"href":"https:\/\/diarioregionaldigital.com.br\/index.php?rest_route=\/wp\/v2\/posts"}],"about":[{"href":"https:\/\/diarioregionaldigital.com.br\/index.php?rest_route=\/wp\/v2\/types\/post"}],"author":[{"embeddable":true,"href":"https:\/\/diarioregionaldigital.com.br\/index.php?rest_route=\/wp\/v2\/users\/96"}],"replies":[{"embeddable":true,"href":"https:\/\/diarioregionaldigital.com.br\/index.php?rest_route=%2Fwp%2Fv2%2Fcomments&post=109056"}],"version-history":[{"count":0,"href":"https:\/\/diarioregionaldigital.com.br\/index.php?rest_route=\/wp\/v2\/posts\/109056\/revisions"}],"wp:featuredmedia":[{"embeddable":true,"href":"https:\/\/diarioregionaldigital.com.br\/index.php?rest_route=\/wp\/v2\/media\/97342"}],"wp:attachment":[{"href":"https:\/\/diarioregionaldigital.com.br\/index.php?rest_route=%2Fwp%2Fv2%2Fmedia&parent=109056"}],"wp:term":[{"taxonomy":"category","embeddable":true,"href":"https:\/\/diarioregionaldigital.com.br\/index.php?rest_route=%2Fwp%2Fv2%2Fcategories&post=109056"},{"taxonomy":"post_tag","embeddable":true,"href":"https:\/\/diarioregionaldigital.com.br\/index.php?rest_route=%2Fwp%2Fv2%2Ftags&post=109056"}],"curies":[{"name":"wp","href":"https:\/\/api.w.org\/{rel}","templated":true}]}}