{"id":109051,"date":"2018-06-23T16:10:07","date_gmt":"2018-06-23T19:10:07","guid":{"rendered":"http:\/\/diarioregionaljf.com.br\/?p=109051"},"modified":"2018-06-25T08:52:06","modified_gmt":"2018-06-25T11:52:06","slug":"carro-capota-no-bairro-granbery-e-motorista-se-fere-levemente","status":"publish","type":"post","link":"https:\/\/diarioregionaldigital.com.br\/?p=109051","title":{"rendered":"Carro capota no bairro Granbery e motorista se fere levemente"},"content":{"rendered":"<p>Um acidente envolvendo quatro ve\u00edculos, na Rua Sampaio, bairro Granbery, regi\u00e3o central da cidade, deixou um condutor de 29 anos levemente ferido, na manh\u00e3 deste s\u00e1bado, 23.<\/p>\n<p>De acordo com informa\u00e7\u00f5es da Pol\u00edcia Militar (PM), o carro conduzido pelo motorista capotou e o mesmo se feriu na m\u00e3o. Outro passageiro estaria no carro, mas a PM n\u00e3o soube repassar informa\u00e7\u00f5es a respeito.<\/p>\n<p>A PM tamb\u00e9m n\u00e3o repassou informa\u00e7\u00f5es sobre a situa\u00e7\u00e3o dos outros motoristas e carros envolvidos no acidente.<\/p>\n<p>Entretanto, os policiais refor\u00e7am que a ocorr\u00eancia foi rapidamente resolvida e apenas o condutor do ve\u00edculo capotado se feriu.<\/p>\n<p>O Corpo de Bombeiros foi acionado devido vazamento de combust\u00edvel.<\/p>\n<p>O Servi\u00e7o de Atendimento M\u00f3vel de Urg\u00eancia (SAMU) tamb\u00e9m foi acionado e prestou os socorros ao motorista.<\/p>\n<p>A per\u00edcia compareceu ao local e realizou os trabalhos de praxe.<\/p>\n<p>A ocorr\u00eancia j\u00e1 encontra-se encerrada e a via est\u00e1 liberada.<\/p>\n","protected":false},"excerpt":{"rendered":"<p>Um acidente envolvendo quatro ve\u00edculos, na Rua Sampaio, bairro Granbery, regi\u00e3o central da cidade, deixou um condutor de 29 anos levemente ferido, na manh\u00e3 deste s\u00e1bado, 23. De acordo com informa\u00e7\u00f5es da Pol\u00edcia Militar (PM), o carro conduzido pelo motorista capotou e o mesmo se feriu na m\u00e3o. Outro passageiro estaria no carro, mas a [&hellip;]<\/p>\n","protected":false},"author":96,"featured_media":109052,"comment_status":"closed","ping_status":"closed","sticky":false,"template":"","format":"standard","meta":{"footnotes":""},"categories":[301,439],"tags":[],"class_list":["post-109051","post","type-post","status-publish","format-standard","has-post-thumbnail","hentry","category-artigos-policiais","category-ultima-hora"],"_links":{"self":[{"href":"https:\/\/diarioregionaldigital.com.br\/index.php?rest_route=\/wp\/v2\/posts\/109051","targetHints":{"allow":["GET"]}}],"collection":[{"href":"https:\/\/diarioregionaldigital.com.br\/index.php?rest_route=\/wp\/v2\/posts"}],"about":[{"href":"https:\/\/diarioregionaldigital.com.br\/index.php?rest_route=\/wp\/v2\/types\/post"}],"author":[{"embeddable":true,"href":"https:\/\/diarioregionaldigital.com.br\/index.php?rest_route=\/wp\/v2\/users\/96"}],"replies":[{"embeddable":true,"href":"https:\/\/diarioregionaldigital.com.br\/index.php?rest_route=%2Fwp%2Fv2%2Fcomments&post=109051"}],"version-history":[{"count":0,"href":"https:\/\/diarioregionaldigital.com.br\/index.php?rest_route=\/wp\/v2\/posts\/109051\/revisions"}],"wp:featuredmedia":[{"embeddable":true,"href":"https:\/\/diarioregionaldigital.com.br\/index.php?rest_route=\/wp\/v2\/media\/109052"}],"wp:attachment":[{"href":"https:\/\/diarioregionaldigital.com.br\/index.php?rest_route=%2Fwp%2Fv2%2Fmedia&parent=109051"}],"wp:term":[{"taxonomy":"category","embeddable":true,"href":"https:\/\/diarioregionaldigital.com.br\/index.php?rest_route=%2Fwp%2Fv2%2Fcategories&post=109051"},{"taxonomy":"post_tag","embeddable":true,"href":"https:\/\/diarioregionaldigital.com.br\/index.php?rest_route=%2Fwp%2Fv2%2Ftags&post=109051"}],"curies":[{"name":"wp","href":"https:\/\/api.w.org\/{rel}","templated":true}]}}