{"id":109048,"date":"2018-06-23T14:44:15","date_gmt":"2018-06-23T17:44:15","guid":{"rendered":"http:\/\/diarioregionaljf.com.br\/?p=109048"},"modified":"2018-06-23T14:44:15","modified_gmt":"2018-06-23T17:44:15","slug":"bombeiros-combatem-incendio-em-residencia-de-itamarati-de-minas","status":"publish","type":"post","link":"https:\/\/diarioregionaldigital.com.br\/?p=109048","title":{"rendered":"Bombeiros combatem inc\u00eandio em resid\u00eancia de Itamarati de Minas"},"content":{"rendered":"<p>O Corpo de Bombeiros de Leopoldina combateu um inc\u00eandio em uma resid\u00eancia no Bairro Sol Nascente, em Itamarati de Minas, nesta sexta-feira, 22. Uma mulher de 49 anos precisou de atendimento m\u00e9dico ap\u00f3s inalar a fuma\u00e7a.<\/p>\n<p>Segundo as informa\u00e7\u00f5es do Corpo de Bombeiros, quando os militares chegaram ao local, a PM e funcion\u00e1rios da Prefeitura juntamente com o prefeito daquele munic\u00edpio j\u00e1 prestavam os primeiros atendimentos. A equipe empregou aproximadamente 500 litros de \u00e1gua durante os trabalhos. Em seguida foi feito o rescaldo.<\/p>\n<div class=\"detalhe-texto\">O inc\u00eandio atingiu v\u00e1rios objetos entre eles roupas, colch\u00f5es, camas e utens\u00edlios dom\u00e9sticos. Uma moradora, de 49 anos, precisou de atendimento m\u00e9dico ap\u00f3s inalar a fuma\u00e7a dentro da resid\u00eancia. Uma equipe composta pelos socorristas Alessandra e Cl\u00e1udio encaminhou a v\u00edtima para a Unidade B\u00e1sica de Sa\u00fade de Itamarati de Minas onde foi atendida pela equipe m\u00e9dica. Uma assistente social foi at\u00e9 ao im\u00f3vel para prestar assist\u00eancia aos moradores.<\/p>\n<p>A estrutura da edifica\u00e7\u00e3o n\u00e3o ficou comprometida e n\u00e3o foram informadas as causas do inc\u00eandio. Pariticiparam da a\u00e7\u00e3o os bombeiros militares Sargento Ferrari, Sargento Fabrine e os Soldados Pedro Augusto, Vieira e Pereira. Pela Pol\u00edcia Militar atuaram o Sargento Sales e o Cabo Guilherme.<\/p><\/div>\n<p>&nbsp;<\/p>\n<p><b>Fonte:\u00a0<\/b>O VIGILANTE ONLINE<\/p>\n","protected":false},"excerpt":{"rendered":"<p>O Corpo de Bombeiros de Leopoldina combateu um inc\u00eandio em uma resid\u00eancia no Bairro Sol Nascente, em Itamarati de Minas, nesta sexta-feira, 22. Uma mulher de 49 anos precisou de atendimento m\u00e9dico ap\u00f3s inalar a fuma\u00e7a. Segundo as informa\u00e7\u00f5es do Corpo de Bombeiros, quando os militares chegaram ao local, a PM e funcion\u00e1rios da Prefeitura [&hellip;]<\/p>\n","protected":false},"author":96,"featured_media":109049,"comment_status":"closed","ping_status":"closed","sticky":false,"template":"","format":"standard","meta":{"footnotes":""},"categories":[252,439],"tags":[],"class_list":["post-109048","post","type-post","status-publish","format-standard","has-post-thumbnail","hentry","category-regiao","category-ultima-hora"],"_links":{"self":[{"href":"https:\/\/diarioregionaldigital.com.br\/index.php?rest_route=\/wp\/v2\/posts\/109048","targetHints":{"allow":["GET"]}}],"collection":[{"href":"https:\/\/diarioregionaldigital.com.br\/index.php?rest_route=\/wp\/v2\/posts"}],"about":[{"href":"https:\/\/diarioregionaldigital.com.br\/index.php?rest_route=\/wp\/v2\/types\/post"}],"author":[{"embeddable":true,"href":"https:\/\/diarioregionaldigital.com.br\/index.php?rest_route=\/wp\/v2\/users\/96"}],"replies":[{"embeddable":true,"href":"https:\/\/diarioregionaldigital.com.br\/index.php?rest_route=%2Fwp%2Fv2%2Fcomments&post=109048"}],"version-history":[{"count":0,"href":"https:\/\/diarioregionaldigital.com.br\/index.php?rest_route=\/wp\/v2\/posts\/109048\/revisions"}],"wp:featuredmedia":[{"embeddable":true,"href":"https:\/\/diarioregionaldigital.com.br\/index.php?rest_route=\/wp\/v2\/media\/109049"}],"wp:attachment":[{"href":"https:\/\/diarioregionaldigital.com.br\/index.php?rest_route=%2Fwp%2Fv2%2Fmedia&parent=109048"}],"wp:term":[{"taxonomy":"category","embeddable":true,"href":"https:\/\/diarioregionaldigital.com.br\/index.php?rest_route=%2Fwp%2Fv2%2Fcategories&post=109048"},{"taxonomy":"post_tag","embeddable":true,"href":"https:\/\/diarioregionaldigital.com.br\/index.php?rest_route=%2Fwp%2Fv2%2Ftags&post=109048"}],"curies":[{"name":"wp","href":"https:\/\/api.w.org\/{rel}","templated":true}]}}