{"id":109046,"date":"2018-06-23T13:35:14","date_gmt":"2018-06-23T16:35:14","guid":{"rendered":"http:\/\/diarioregionaljf.com.br\/?p=109046"},"modified":"2018-06-25T08:52:18","modified_gmt":"2018-06-25T11:52:18","slug":"homem-e-baleado-no-torax-apos-discussao-com-jovem-na-zona-leste","status":"publish","type":"post","link":"https:\/\/diarioregionaldigital.com.br\/?p=109046","title":{"rendered":"Homem \u00e9 baleado no t\u00f3rax ap\u00f3s discuss\u00e3o com jovem na zona Leste"},"content":{"rendered":"<p>Um homem de 41 anos foi v\u00edtima de tentativa de homic\u00eddio na madrugada deste s\u00e1bado, 23, no bairro Granjas Tr\u00eas Moinhos, na zona Leste.<\/p>\n<p>De acordo com o registro de ocorr\u00eancias da Pol\u00edcia Militar (PM), a v\u00edtima encontrava-se no interior de sua resid\u00eancia localizada na Rua Jos\u00e9 Luiz Flores. O homem relatou \u00e0 PM que ele e o um jovem de 25 anos, teriam entrado em atrito verbal em via p\u00fablica por motivos n\u00e3o mencionados e que em determinado momento o mesmo teria efetuado v\u00e1rios disparos de arma de fogo em sua dire\u00e7\u00e3o vindo a alveja-lo.<\/p>\n<p>A v\u00edtima ainda explicou que durante os disparos, evadiu para um terreno baldio e em seguida chegou em sua resid\u00eancia. Quando a Pol\u00edcia Militar chegou ao local o autor teria fugido.<\/p>\n<p>O Servi\u00e7o de Atendimento M\u00f3vel de Urg\u00eancia (SAMU) foi acionado e encaminhou o homem at\u00e9 o hospital de Pronto Socorro (HPS). Foram constatadas duas perfura\u00e7\u00f5es sendo uma na regi\u00e3o do t\u00f3rax e uma na regi\u00e3o da panturrilha esquerda.<\/p>\n<p>Foram recolhidos por populares quatro muni\u00e7\u00f5es deflagradas de cal. 9mm e na casa do autor foi encontrado mais 01 muni\u00e7\u00e3o intacta do mesmo calibre. O autor n\u00e3o foi localizado.<\/p>\n","protected":false},"excerpt":{"rendered":"<p>Um homem de 41 anos foi v\u00edtima de tentativa de homic\u00eddio na madrugada deste s\u00e1bado, 23, no bairro Granjas Tr\u00eas Moinhos, na zona Leste. De acordo com o registro de ocorr\u00eancias da Pol\u00edcia Militar (PM), a v\u00edtima encontrava-se no interior de sua resid\u00eancia localizada na Rua Jos\u00e9 Luiz Flores. O homem relatou \u00e0 PM que [&hellip;]<\/p>\n","protected":false},"author":96,"featured_media":97342,"comment_status":"closed","ping_status":"closed","sticky":false,"template":"","format":"standard","meta":{"footnotes":""},"categories":[301,439],"tags":[],"class_list":["post-109046","post","type-post","status-publish","format-standard","has-post-thumbnail","hentry","category-artigos-policiais","category-ultima-hora"],"_links":{"self":[{"href":"https:\/\/diarioregionaldigital.com.br\/index.php?rest_route=\/wp\/v2\/posts\/109046","targetHints":{"allow":["GET"]}}],"collection":[{"href":"https:\/\/diarioregionaldigital.com.br\/index.php?rest_route=\/wp\/v2\/posts"}],"about":[{"href":"https:\/\/diarioregionaldigital.com.br\/index.php?rest_route=\/wp\/v2\/types\/post"}],"author":[{"embeddable":true,"href":"https:\/\/diarioregionaldigital.com.br\/index.php?rest_route=\/wp\/v2\/users\/96"}],"replies":[{"embeddable":true,"href":"https:\/\/diarioregionaldigital.com.br\/index.php?rest_route=%2Fwp%2Fv2%2Fcomments&post=109046"}],"version-history":[{"count":0,"href":"https:\/\/diarioregionaldigital.com.br\/index.php?rest_route=\/wp\/v2\/posts\/109046\/revisions"}],"wp:featuredmedia":[{"embeddable":true,"href":"https:\/\/diarioregionaldigital.com.br\/index.php?rest_route=\/wp\/v2\/media\/97342"}],"wp:attachment":[{"href":"https:\/\/diarioregionaldigital.com.br\/index.php?rest_route=%2Fwp%2Fv2%2Fmedia&parent=109046"}],"wp:term":[{"taxonomy":"category","embeddable":true,"href":"https:\/\/diarioregionaldigital.com.br\/index.php?rest_route=%2Fwp%2Fv2%2Fcategories&post=109046"},{"taxonomy":"post_tag","embeddable":true,"href":"https:\/\/diarioregionaldigital.com.br\/index.php?rest_route=%2Fwp%2Fv2%2Ftags&post=109046"}],"curies":[{"name":"wp","href":"https:\/\/api.w.org\/{rel}","templated":true}]}}