{"id":109040,"date":"2018-06-23T13:10:08","date_gmt":"2018-06-23T16:10:08","guid":{"rendered":"http:\/\/diarioregionaljf.com.br\/?p=109040"},"modified":"2018-06-23T13:10:08","modified_gmt":"2018-06-23T16:10:08","slug":"fundacao-gates-investe-na-eliminacao-da-malaria-no-brasil","status":"publish","type":"post","link":"https:\/\/diarioregionaldigital.com.br\/?p=109040","title":{"rendered":"Funda\u00e7\u00e3o Gates investe na elimina\u00e7\u00e3o da mal\u00e1ria no Brasil"},"content":{"rendered":"<p>A Funda\u00e7\u00e3o Oswaldo Cruz (Fiocruz) e o Minist\u00e9rio da Sa\u00fade fazem parte de um cons\u00f3rcio que acaba de receber R$ 2,2 milh\u00f5es para o combate \u00e0 mal\u00e1ria. A doa\u00e7\u00e3o foi feita pela da Funda\u00e7\u00e3o Bill &amp; Melinda Gates, no in\u00edcio desta semana.<\/p>\n<p>O dinheiro chega ao mesmo tempo em que cresce o n\u00famero de pessoas infectadas na Am\u00e9rica Latina, depois de uma d\u00e9cada de diminui\u00e7\u00e3o de casos, de acordo com a Fiocruz. Uma das preocupa\u00e7\u00f5es \u00e9 o Brasil, onde o n\u00famero de doentes cresceu 50% no primeiro semestre de 2018, em compara\u00e7\u00e3o com 2017, revela o pesquisador da funda\u00e7\u00e3o, Marcus Lacerda. Ele coordena o cons\u00f3rcio com as 30 entidades nacionais e estrangeiras que receberam a doa\u00e7\u00e3o da Funda\u00e7\u00e3o Gates, o Instituto Elimina.<\/p>\n<p>Na Am\u00e9rica Latina, outra preocupa\u00e7\u00e3o \u00e9 a Venezuela, pa\u00eds que enfrenta crise econ\u00f4mica com reflexos na sa\u00fade e no aumento de infectados.<\/p>\n<p>Os recursos internacionais v\u00e3o especificamente para o projeto que prepara a popula\u00e7\u00e3o brasileira para receber, nos pr\u00f3ximos dois anos, um novo medicamento para mal\u00e1ria causada por P.vivax \u2013 tipo prevalente em 90% dos casos no pa\u00eds. \u00c9 que uma parcela da de pessoas, com d\u00e9ficit de uma enzima espec\u00edfica, pode desenvolver complica\u00e7\u00f5es com o novo rem\u00e9dio e mesmo com os atuais e correm risco de morte.<\/p>\n<p>Por isso, o objetivo \u00e9 avaliar a viabilidade de um teste r\u00e1pido de sangue para identificar quem tem defici\u00eancia e propor tratamento individualizado.<\/p>\n<p>\u201cNessa primeira parte do projeto, vamos a campo fazer um diagn\u00f3stico dessa intoler\u00e2ncia \u00e0 medica\u00e7\u00e3o antimal\u00e1ria e observar como as pessoas lidam com esse novo diagn\u00f3stico\u201d, explicou Lacerda, pesquisador chefe do Instituto Elimina.<\/p>\n<p>Ser\u00e3o observados, al\u00e9m da rea\u00e7\u00e3o dos pacientes ao teste, os custos e a efetividade do novo m\u00e9todo na Amaz\u00f4nia, uma regi\u00e3o particular por suas dimens\u00f5es e especificidades.<\/p>\n<p>\u201cAs pessoas t\u00eam um teste novo para ser feito. Tem que furar o dedo. Elas t\u00eam maior dificuldade agora para usar o rem\u00e9dio [de mal\u00e1ria]. Precisamos saber se v\u00e3o aceitar, se acham que \u00e9 uma boa, se o teste n\u00e3o retardar\u00e1 o tratamento, se quem faz o diagn\u00f3stico acha que \u00e9 f\u00e1cil ou dif\u00edcil fazer o teste\u201d, detalhou Lacerda.<\/p>\n<p>Hoje, o Brasil n\u00e3o faz o diagn\u00f3stico enzim\u00e1tico e a popula\u00e7\u00e3o corre riscos. \u201cO que a gente quer fazer \u00e9 usar a medica\u00e7\u00e3o para mal\u00e1ria de uma forma mais segura\u201d, disse o pesquisador. Existem rem\u00e9dios alternativos para pessoas com a defici\u00eancia.<\/p>\n<p>Em visita \u00e0 Fiocruz no Rio de Janeiro, na \u00faltima ter\u00e7a-feira (19), Sue Desmond-Hellmann, CEO da Funda\u00e7\u00e3o Gates, disse, que \u00e9 preciso \u201cencurtar substancialmente o tempo necess\u00e1rio para disponibilizar novos tratamentos e testes para a mal\u00e1ria\u201d. Ela lembrou, em nota, que a doen\u00e7a \u00e9 incapacitante e impede a pessoa de trabalhar e estudar, por causa, principalmente, das reca\u00eddas, sintomas t\u00edpico da doen\u00e7a.<\/p>\n<p>A organiza\u00e7\u00e3o internacional j\u00e1 investiu U$ 35 milh\u00f5es na cura da mal\u00e1ria causada pelo plasm\u00f3dio P.vivax na Am\u00e9rica Latina. O investimento \u00e9 importante para introdu\u00e7\u00e3o do novo rem\u00e9dio, a tafenoquina, no sistema de sa\u00fade em pelo menos dois anos. O mais recente medicamento lan\u00e7ado nos \u00faltimos 60 anos, permite o tratamento da mal\u00e1ria em dose \u00fanica. Os atuais precisam ser tomados entre sete e 14 dias.<\/p>\n<p>Tamb\u00e9m integram o Instituto Elimina pesquisadores do Conselho Nacional de Desenvolvimento Cient\u00edfico e Tecnol\u00f3gico (CNPq) e do Minist\u00e9rio da Sa\u00fade.<\/p>\n<p>Fonte: Ag\u00eancia Brasil<\/p>\n","protected":false},"excerpt":{"rendered":"<p>A Funda\u00e7\u00e3o Oswaldo Cruz (Fiocruz) e o Minist\u00e9rio da Sa\u00fade fazem parte de um cons\u00f3rcio que acaba de receber R$ 2,2 milh\u00f5es para o combate \u00e0 mal\u00e1ria. A doa\u00e7\u00e3o foi feita pela da Funda\u00e7\u00e3o Bill &amp; Melinda Gates, no in\u00edcio desta semana. O dinheiro chega ao mesmo tempo em que cresce o n\u00famero de pessoas [&hellip;]<\/p>\n","protected":false},"author":96,"featured_media":109041,"comment_status":"closed","ping_status":"closed","sticky":false,"template":"","format":"standard","meta":{"footnotes":""},"categories":[302,439],"tags":[],"class_list":["post-109040","post","type-post","status-publish","format-standard","has-post-thumbnail","hentry","category-brasil-mundo","category-ultima-hora"],"_links":{"self":[{"href":"https:\/\/diarioregionaldigital.com.br\/index.php?rest_route=\/wp\/v2\/posts\/109040","targetHints":{"allow":["GET"]}}],"collection":[{"href":"https:\/\/diarioregionaldigital.com.br\/index.php?rest_route=\/wp\/v2\/posts"}],"about":[{"href":"https:\/\/diarioregionaldigital.com.br\/index.php?rest_route=\/wp\/v2\/types\/post"}],"author":[{"embeddable":true,"href":"https:\/\/diarioregionaldigital.com.br\/index.php?rest_route=\/wp\/v2\/users\/96"}],"replies":[{"embeddable":true,"href":"https:\/\/diarioregionaldigital.com.br\/index.php?rest_route=%2Fwp%2Fv2%2Fcomments&post=109040"}],"version-history":[{"count":0,"href":"https:\/\/diarioregionaldigital.com.br\/index.php?rest_route=\/wp\/v2\/posts\/109040\/revisions"}],"wp:featuredmedia":[{"embeddable":true,"href":"https:\/\/diarioregionaldigital.com.br\/index.php?rest_route=\/wp\/v2\/media\/109041"}],"wp:attachment":[{"href":"https:\/\/diarioregionaldigital.com.br\/index.php?rest_route=%2Fwp%2Fv2%2Fmedia&parent=109040"}],"wp:term":[{"taxonomy":"category","embeddable":true,"href":"https:\/\/diarioregionaldigital.com.br\/index.php?rest_route=%2Fwp%2Fv2%2Fcategories&post=109040"},{"taxonomy":"post_tag","embeddable":true,"href":"https:\/\/diarioregionaldigital.com.br\/index.php?rest_route=%2Fwp%2Fv2%2Ftags&post=109040"}],"curies":[{"name":"wp","href":"https:\/\/api.w.org\/{rel}","templated":true}]}}