{"id":109035,"date":"2018-06-23T12:36:39","date_gmt":"2018-06-23T15:36:39","guid":{"rendered":"http:\/\/diarioregionaljf.com.br\/?p=109035"},"modified":"2018-06-23T13:00:21","modified_gmt":"2018-06-23T16:00:21","slug":"jovem-e-atingido-por-tiro-enquanto-andava-de-bicicleta-no-bairro-ipiranga","status":"publish","type":"post","link":"https:\/\/diarioregionaldigital.com.br\/?p=109035","title":{"rendered":"Jovem \u00e9 atingido por tiro enquanto andava de bicicleta no bairro Ipiranga"},"content":{"rendered":"<p>Um jovem de 17 anos foi atingido por um disparo de arma de fogo enquanto andava de bicicleta no bairro Ipiranga, localizado na zona Sul. A caso ocorreu nessa sexta-feira, 22.<\/p>\n<p>De acordo com o registro de ocorr\u00eancias, a Pol\u00edcia Militar (PM) foi chamada at\u00e9 o cruzamento da Rua Conego Lauro Neves com a Rua Bady Geara, ap\u00f3s populares informarem sobre disparos de arma de fogo ocorridos no local.<\/p>\n<p>Ao chegar at\u00e9 a regi\u00e3o, A PM foi informada de que populares teriam socorrido a v\u00edtima e a levado at\u00e9 a Unidade de Pronto Atendimento (UPA) Santa Luzia.<\/p>\n<p>J\u00e1 na Upa, o m\u00e9dico de plant\u00e3o explicou aos policiais que v\u00edtima sofreu les\u00e3o corporal leve proveniente de disparo de arma de fogo, provocando ferimentos na parte de tr\u00e1s da cabe\u00e7a, na regi\u00e3o cervical e bra\u00e7o esquerdo.<\/p>\n<p>O jovem relatou \u00e0 PM que estava em via p\u00fablica andando de bicicleta quando foi atingido pelos disparos em seguida caindo ao solo.<\/p>\n<p>Ainda de acordo com informa\u00e7\u00f5es do registro de ocorr\u00eancias, um primo da v\u00edtima afirmou que os suspeitos estavam ocupando um ve\u00edculo VW polo de cor prata e que no momento do fato teriam evadido sentido bairro Santa Efig\u00eania.<\/p>\n<p>A v\u00edtima permaneceu internada.<\/p>\n<p>A PM realizou buscas pela regi\u00e3o, mas nenhum suspeito foi localizado.<\/p>\n","protected":false},"excerpt":{"rendered":"<p>Um jovem de 17 anos foi atingido por um disparo de arma de fogo enquanto andava de bicicleta no bairro Ipiranga, localizado na zona Sul. A caso ocorreu nessa sexta-feira, 22. De acordo com o registro de ocorr\u00eancias, a Pol\u00edcia Militar (PM) foi chamada at\u00e9 o cruzamento da Rua Conego Lauro Neves com a Rua [&hellip;]<\/p>\n","protected":false},"author":96,"featured_media":97342,"comment_status":"closed","ping_status":"closed","sticky":false,"template":"","format":"standard","meta":{"footnotes":""},"categories":[301,439],"tags":[],"class_list":["post-109035","post","type-post","status-publish","format-standard","has-post-thumbnail","hentry","category-artigos-policiais","category-ultima-hora"],"_links":{"self":[{"href":"https:\/\/diarioregionaldigital.com.br\/index.php?rest_route=\/wp\/v2\/posts\/109035","targetHints":{"allow":["GET"]}}],"collection":[{"href":"https:\/\/diarioregionaldigital.com.br\/index.php?rest_route=\/wp\/v2\/posts"}],"about":[{"href":"https:\/\/diarioregionaldigital.com.br\/index.php?rest_route=\/wp\/v2\/types\/post"}],"author":[{"embeddable":true,"href":"https:\/\/diarioregionaldigital.com.br\/index.php?rest_route=\/wp\/v2\/users\/96"}],"replies":[{"embeddable":true,"href":"https:\/\/diarioregionaldigital.com.br\/index.php?rest_route=%2Fwp%2Fv2%2Fcomments&post=109035"}],"version-history":[{"count":0,"href":"https:\/\/diarioregionaldigital.com.br\/index.php?rest_route=\/wp\/v2\/posts\/109035\/revisions"}],"wp:featuredmedia":[{"embeddable":true,"href":"https:\/\/diarioregionaldigital.com.br\/index.php?rest_route=\/wp\/v2\/media\/97342"}],"wp:attachment":[{"href":"https:\/\/diarioregionaldigital.com.br\/index.php?rest_route=%2Fwp%2Fv2%2Fmedia&parent=109035"}],"wp:term":[{"taxonomy":"category","embeddable":true,"href":"https:\/\/diarioregionaldigital.com.br\/index.php?rest_route=%2Fwp%2Fv2%2Fcategories&post=109035"},{"taxonomy":"post_tag","embeddable":true,"href":"https:\/\/diarioregionaldigital.com.br\/index.php?rest_route=%2Fwp%2Fv2%2Ftags&post=109035"}],"curies":[{"name":"wp","href":"https:\/\/api.w.org\/{rel}","templated":true}]}}