{"id":109030,"date":"2018-06-23T10:22:06","date_gmt":"2018-06-23T13:22:06","guid":{"rendered":"http:\/\/diarioregionaljf.com.br\/?p=109030"},"modified":"2018-06-23T10:22:06","modified_gmt":"2018-06-23T13:22:06","slug":"pf-prende-brasileiro-foragido-em-estadio-de-sao-petersburgo-na-russia","status":"publish","type":"post","link":"https:\/\/diarioregionaldigital.com.br\/?p=109030","title":{"rendered":"PF prende brasileiro foragido em est\u00e1dio de S\u00e3o Petersburgo na R\u00fassia"},"content":{"rendered":"<p>A Pol\u00edcia Federal informou nessa sexta-feira, 22, ter efetuado a pris\u00e3o de um homem brasileiro de 31 anos no Est\u00e1dio Krestovsky, em S\u00e3o Petersburgo, na R\u00fassia, durante a Copa do Mundo. Pela manh\u00e3, o local foi palco da\u00a0vit\u00f3ria do Brasil sobre a Costa Rica, por 2&#215;0, v\u00e1lida pela segunda rodada da fase de grupos do mundial de sele\u00e7\u00f5es.<\/p>\n<p>O homem preso, que n\u00e3o teve a identidade revelada, estava com um mandado de pris\u00e3o em aberto por determina\u00e7\u00e3o da 1\u00aa Vara Federal Criminal do Esp\u00edrito Santo. Ele \u00e9 acusado de participar, junto com dois comparsas, do roubo a uma ag\u00eancia dos Correios no munic\u00edpio de Itarana (ES), no dia 22 de mar\u00e7o de 2017. Na ocasi\u00e3o, foram levados mais de R$ 26 mil dos cofres da ag\u00eancia.<\/p>\n<p>O brasileiro, que utilizava um passaporte italiano quando foi preso, havia sido inclu\u00eddo pela Pol\u00edcia Federal brasileira na lista de difus\u00e3o vermelha de procurados pela Interpol, possibilitando a sua pris\u00e3o na R\u00fassia.<\/p>\n<h2>Coopera\u00e7\u00e3o internacional<\/h2>\n<p>A pris\u00e3o foi efetuada por policiais federais enviados para o Centro Internacional de Coopera\u00e7\u00e3o Policial (CICP), em Moscou, para atuar nos est\u00e1dios durante os jogos do Brasil e auxiliar nas ocorr\u00eancias envolvendo cidad\u00e3os brasileiros.<\/p>\n<p>Os policiais agem de forma integrada \u00e0s autoridades locais, o que permitiu a identifica\u00e7\u00e3o e a localiza\u00e7\u00e3o do foragido brasileiro que poder\u00e1 ser extraditado, disse a PF, em nota.<\/p>\n<p>Ainda de acordo com a corpora\u00e7\u00e3o, o envio de equipe especializada de policiais federais ao CICP, durante a Copa, integra um modelo de a\u00e7\u00e3o t\u00edpico de grandes eventos, tendo o Brasil tamb\u00e9m recebido diversas equipes de policiais estrangeiros durante a Copa do Mundo de 2014 e os Jogos Ol\u00edmpicos e Paral\u00edmpicos de 2016.<\/p>\n<p>Fonte: Ag\u00eancia Brasil<\/p>\n","protected":false},"excerpt":{"rendered":"<p>A Pol\u00edcia Federal informou nessa sexta-feira, 22, ter efetuado a pris\u00e3o de um homem brasileiro de 31 anos no Est\u00e1dio Krestovsky, em S\u00e3o Petersburgo, na R\u00fassia, durante a Copa do Mundo. Pela manh\u00e3, o local foi palco da\u00a0vit\u00f3ria do Brasil sobre a Costa Rica, por 2&#215;0, v\u00e1lida pela segunda rodada da fase de grupos do [&hellip;]<\/p>\n","protected":false},"author":96,"featured_media":97709,"comment_status":"closed","ping_status":"closed","sticky":false,"template":"","format":"standard","meta":{"footnotes":""},"categories":[302,439],"tags":[],"class_list":["post-109030","post","type-post","status-publish","format-standard","has-post-thumbnail","hentry","category-brasil-mundo","category-ultima-hora"],"_links":{"self":[{"href":"https:\/\/diarioregionaldigital.com.br\/index.php?rest_route=\/wp\/v2\/posts\/109030","targetHints":{"allow":["GET"]}}],"collection":[{"href":"https:\/\/diarioregionaldigital.com.br\/index.php?rest_route=\/wp\/v2\/posts"}],"about":[{"href":"https:\/\/diarioregionaldigital.com.br\/index.php?rest_route=\/wp\/v2\/types\/post"}],"author":[{"embeddable":true,"href":"https:\/\/diarioregionaldigital.com.br\/index.php?rest_route=\/wp\/v2\/users\/96"}],"replies":[{"embeddable":true,"href":"https:\/\/diarioregionaldigital.com.br\/index.php?rest_route=%2Fwp%2Fv2%2Fcomments&post=109030"}],"version-history":[{"count":0,"href":"https:\/\/diarioregionaldigital.com.br\/index.php?rest_route=\/wp\/v2\/posts\/109030\/revisions"}],"wp:featuredmedia":[{"embeddable":true,"href":"https:\/\/diarioregionaldigital.com.br\/index.php?rest_route=\/wp\/v2\/media\/97709"}],"wp:attachment":[{"href":"https:\/\/diarioregionaldigital.com.br\/index.php?rest_route=%2Fwp%2Fv2%2Fmedia&parent=109030"}],"wp:term":[{"taxonomy":"category","embeddable":true,"href":"https:\/\/diarioregionaldigital.com.br\/index.php?rest_route=%2Fwp%2Fv2%2Fcategories&post=109030"},{"taxonomy":"post_tag","embeddable":true,"href":"https:\/\/diarioregionaldigital.com.br\/index.php?rest_route=%2Fwp%2Fv2%2Ftags&post=109030"}],"curies":[{"name":"wp","href":"https:\/\/api.w.org\/{rel}","templated":true}]}}