{"id":108997,"date":"2018-06-24T06:00:43","date_gmt":"2018-06-24T09:00:43","guid":{"rendered":"http:\/\/diarioregionaljf.com.br\/?p=108997"},"modified":"2018-06-22T19:21:31","modified_gmt":"2018-06-22T22:21:31","slug":"moradores-do-bairro-sao-judas-voltam-a-sofrer-com-a-falta-de-farmaceutico-em-unidade-de-saude","status":"publish","type":"post","link":"https:\/\/diarioregionaldigital.com.br\/?p=108997","title":{"rendered":"Moradores do bairro S\u00e3o Judas voltam a sofrer com a falta de farmac\u00eautico em unidade de sa\u00fade"},"content":{"rendered":"<p>Os moradores do bairro S\u00e3o Judas Tadeu, zona Norte, ainda sentem os efeitos da falta de funcion\u00e1rios na Unidade B\u00e1sica de Sa\u00fade (UBS) do bairro. Em outubro do ano passado, o jornal Di\u00e1rio Regional foi procurado pelo presidente da associa\u00e7\u00e3o dos moradores, Renato Vieira Gama, que denunciou o caso.<\/p>\n<p>Na \u00e9poca, Gama relatou que a unidade n\u00e3o tinha um farmac\u00eautico h\u00e1 algum tempo e que n\u00e3o era primeira vez que isso ocorria. Por conta da situa\u00e7\u00e3o, os moradores estavam se deslocando at\u00e9 a UBS do Bairro Santa Cruz, na mesma regi\u00e3o, para receberem medicamentos. Na \u00faltima conversa com o Di\u00e1rio Regional, nessa quinta-feira, 21, Gama relatou que ap\u00f3s a den\u00fancia, um farmac\u00eautico passou a atender a UBS, por\u00e9m os impasses perduraram. \u201cEle ficava s\u00f3 na parte da manh\u00e3 e ia embora porque precisava ir para outra unidade. Por\u00e9m, desde dezembro n\u00e3o tem mais, a farm\u00e1cia est\u00e1 fechada e \u00e9 preciso ir at\u00e9 a UBS do Santa Cruz, novamente\u201d, relatou o presidente de associa\u00e7\u00e3o de moradores.<\/p>\n<div id=\"attachment_109000\" style=\"width: 1290px\" class=\"wp-caption aligncenter\"><img loading=\"lazy\" decoding=\"async\" aria-describedby=\"caption-attachment-109000\" class=\"size-full wp-image-109000\" src=\"http:\/\/diarioregionaljf.com.br\/wp-content\/uploads\/2018\/06\/ubs.jpeg\" alt=\"\" width=\"1280\" height=\"719\" srcset=\"https:\/\/diarioregionaldigital.com.br\/wp-content\/uploads\/2018\/06\/ubs.jpeg 1280w, https:\/\/diarioregionaldigital.com.br\/wp-content\/uploads\/2018\/06\/ubs-300x169.jpeg 300w, https:\/\/diarioregionaldigital.com.br\/wp-content\/uploads\/2018\/06\/ubs-768x431.jpeg 768w, https:\/\/diarioregionaldigital.com.br\/wp-content\/uploads\/2018\/06\/ubs-1024x575.jpeg 1024w, https:\/\/diarioregionaldigital.com.br\/wp-content\/uploads\/2018\/06\/ubs-360x202.jpeg 360w\" sizes=\"auto, (max-width: 1280px) 100vw, 1280px\" \/><p id=\"caption-attachment-109000\" class=\"wp-caption-text\">Secretaria de sa\u00fade informou que est\u00e1 aguardando o ingresso de novos profissionais para atender a unidade de S\u00e3o Judas Tadeu. Foto: Divulga\u00e7\u00e3o<\/p><\/div>\n<p>Questionado se h\u00e1 informa\u00e7\u00e3o sobre falta de medicamentos, Gama afirmou que sim, por\u00e9m n\u00e3o tem como quantificar. \u201cA enfermeira disse que realmente h\u00e1 algumas medica\u00e7\u00f5es que est\u00e3o faltando, por\u00e9m ela n\u00e3o disse o quanto porque n\u00e3o tem acesso a farm\u00e1cia. Ao menos, ela recolheu [os que ela tem acesso] e encaminhou para a unidade do bairro Santa Cruz\u201d, disse.<\/p>\n<p>&nbsp;<\/p>\n<p><strong>ESCLARECIMENTOS<\/strong><\/p>\n<p>Em outubro de 2017, quando foi procurada, a Secretaria de Sa\u00fade (SS) da Prefeitura de Juiz de Fora (PJF) alegou que foi realizado concurso p\u00fablico para profissionais de diversas \u00e1reas, incluindo farmac\u00eautico, e as contrata\u00e7\u00f5es estavam em andamento e que a recomenda\u00e7\u00e3o era que os usu\u00e1rios recorressem \u00e0 UBS do Bairro Santa Cruz ou \u00e0 Farm\u00e1cia Central, caso necessitassem de medica\u00e7\u00e3o<\/p>\n<p>No novo posicionamento, a SS informou que um grupo de profissionais j\u00e1 foi chamado e j\u00e1 iniciou os trabalhos em outras UBSs e aguarda o ingresso de novos profissionais para atender a unidade de S\u00e3o Judas Tadeu. A Secretaria destacou, ainda, que os usu\u00e1rios n\u00e3o est\u00e3o sem assist\u00eancia, podendo pegar a medica\u00e7\u00e3o na Farm\u00e1cia Central ou na unidade vizinha do bairro Santa Cruz.<\/p>\n","protected":false},"excerpt":{"rendered":"<p>Os moradores do bairro S\u00e3o Judas Tadeu, zona Norte, ainda sentem os efeitos da falta de funcion\u00e1rios na Unidade B\u00e1sica de Sa\u00fade (UBS) do bairro. Em outubro do ano passado, o jornal Di\u00e1rio Regional foi procurado pelo presidente da associa\u00e7\u00e3o dos moradores, Renato Vieira Gama, que denunciou o caso. Na \u00e9poca, Gama relatou que a [&hellip;]<\/p>\n","protected":false},"author":96,"featured_media":109004,"comment_status":"closed","ping_status":"closed","sticky":false,"template":"","format":"standard","meta":{"footnotes":""},"categories":[253,440,439],"tags":[],"class_list":["post-108997","post","type-post","status-publish","format-standard","has-post-thumbnail","hentry","category-cidade","category-destaques-do-dia","category-ultima-hora"],"_links":{"self":[{"href":"https:\/\/diarioregionaldigital.com.br\/index.php?rest_route=\/wp\/v2\/posts\/108997","targetHints":{"allow":["GET"]}}],"collection":[{"href":"https:\/\/diarioregionaldigital.com.br\/index.php?rest_route=\/wp\/v2\/posts"}],"about":[{"href":"https:\/\/diarioregionaldigital.com.br\/index.php?rest_route=\/wp\/v2\/types\/post"}],"author":[{"embeddable":true,"href":"https:\/\/diarioregionaldigital.com.br\/index.php?rest_route=\/wp\/v2\/users\/96"}],"replies":[{"embeddable":true,"href":"https:\/\/diarioregionaldigital.com.br\/index.php?rest_route=%2Fwp%2Fv2%2Fcomments&post=108997"}],"version-history":[{"count":0,"href":"https:\/\/diarioregionaldigital.com.br\/index.php?rest_route=\/wp\/v2\/posts\/108997\/revisions"}],"wp:featuredmedia":[{"embeddable":true,"href":"https:\/\/diarioregionaldigital.com.br\/index.php?rest_route=\/wp\/v2\/media\/109004"}],"wp:attachment":[{"href":"https:\/\/diarioregionaldigital.com.br\/index.php?rest_route=%2Fwp%2Fv2%2Fmedia&parent=108997"}],"wp:term":[{"taxonomy":"category","embeddable":true,"href":"https:\/\/diarioregionaldigital.com.br\/index.php?rest_route=%2Fwp%2Fv2%2Fcategories&post=108997"},{"taxonomy":"post_tag","embeddable":true,"href":"https:\/\/diarioregionaldigital.com.br\/index.php?rest_route=%2Fwp%2Fv2%2Ftags&post=108997"}],"curies":[{"name":"wp","href":"https:\/\/api.w.org\/{rel}","templated":true}]}}