{"id":108974,"date":"2018-06-24T06:00:26","date_gmt":"2018-06-24T09:00:26","guid":{"rendered":"http:\/\/diarioregionaljf.com.br\/?p=108974"},"modified":"2018-06-22T18:26:17","modified_gmt":"2018-06-22T21:26:17","slug":"arraia-junino","status":"publish","type":"post","link":"https:\/\/diarioregionaldigital.com.br\/?p=108974","title":{"rendered":"Arrai\u00e1 Junino"},"content":{"rendered":"<p style=\"text-align: center;\"><strong>Projeto<\/strong><\/p>\n<p style=\"text-align: center;\">Encontro com o Autor \u00e9 a etapa final do projeto pedag\u00f3gico \u201cMinha cidade L\u00ea\u201d, que tem como tema nesta edi\u00e7\u00e3o, a obra Viagem ao Polo Norte, do escritor Mauro Cruz. O projeto faz parte de uma campanha intermunicipal da Zona da Mata mineira, que busca incentivar a leitura desde os primeiros anos na escola. Desta vez, a realiza\u00e7\u00e3o \u00e9 da Secretaria Municipal de Educa\u00e7\u00e3o e Cultura de Santana de Cataguases, juntamente com a Escola Municipal Dr. Jo\u00e3o Batista de Resende, sob a coordena\u00e7\u00e3o da Prof\u00aa Maria Tereza Werneck. O Encontro com o Autor ser\u00e1 no dia 26 de junho, \u00e0s 19h, com entrada franca.<\/p>\n<p style=\"text-align: center;\"><strong>Selo<\/strong><\/p>\n<p style=\"text-align: center;\">A ex-aluna do curso de Tecnologia em Gastronomia do CES\/JF, Heloiza Cordeiro Yung, propriet\u00e1ria da Choperia Clube da Esquina, recebeu o selo \u201cMaio Amarelo\u201d entregue pela Secretaria de Transporte e Tr\u00e2nsito (Settra) da PJF. O selo \u00e9 entregue aos estabelecimentos que incentivam os clientes que beberem a n\u00e3o dirigir, convertendo em chope o valor que eles gastam com aplicativos de transporte privado.<\/p>\n<p style=\"text-align: center;\"><strong>Semana Geek<\/strong><\/p>\n<p style=\"text-align: center;\">Termina no domingo, 24, na Pra\u00e7a de eventos do Shopping Jardim Norte a Semana Geek. No Piso L1, os f\u00e3s de tecnologia eletr\u00f4nica, jogos digitais e de tabuleiro, hist\u00f3rias em quadrinhos, livros, filmes, animes e s\u00e9ries e uma pra\u00e7a de alimenta\u00e7\u00e3o (geek food), ainda vai receber o conselho Jedi de Juiz de Fora.<\/p>\n<p style=\"text-align: center;\"><strong>Natureza<\/strong><\/p>\n<p style=\"text-align: center;\">No pr\u00f3ximo dia 30 de junho, Ibitipoca vai vibrar ao som das guitarras do Serra Rock! O cen\u00e1rio do evento barulheira ser\u00e1 no La Gruta Pub. O evento traz duas bandas, dois DJs, feira do rock e do vinil. Em cena, Driks Dom Br\u00e9, Cerveja Antu\u00e9rpia, espa\u00e7o gastron\u00f4mico. A produ\u00e7\u00e3o \u00e9 da estrelada Maira Delgado.<\/p>\n<p style=\"text-align: center;\"><strong>Dica<\/strong><\/p>\n<p style=\"text-align: center;\">Com inspira\u00e7\u00e3o na natureza, a Floricultura Dois Amores esnoba criatividade com a exuber\u00e2ncia das plantas fornecendo materiais para criar lindas composi\u00e7\u00f5es em arranjos com folhagens.<\/p>\n<p style=\"text-align: center;\"><strong><span style=\"font-size: 14pt;\">Arrai\u00e1 Junino<\/span><\/strong><\/p>\n<p style=\"text-align: center;\">O empres\u00e1rio M\u00e1rcio Marques abriu os port\u00f5es de sua resid\u00eancia no Guaru\u00e1 para um animado \u201cArrai\u00e1 Junino M. Marques\u201d em torno do anivers\u00e1rio do amigo de Cataguases Rog\u00e9rio Mendon\u00e7a. A tarde entrando pela noite, teve Oswaldo Braga no viol\u00e3o e del\u00edcias de canap\u00e9s by Francele Galil e do pr\u00f3prio anfitri\u00e3o. As fotos registram.<\/p>\n<div id=\"attachment_108951\" style=\"width: 690px\" class=\"wp-caption aligncenter\"><img loading=\"lazy\" decoding=\"async\" aria-describedby=\"caption-attachment-108951\" class=\"wp-image-108951\" src=\"http:\/\/diarioregionaljf.com.br\/wp-content\/uploads\/2018\/06\/fotoa-12.jpg\" alt=\"\" width=\"680\" height=\"383\" srcset=\"https:\/\/diarioregionaldigital.com.br\/wp-content\/uploads\/2018\/06\/fotoa-12.jpg 960w, https:\/\/diarioregionaldigital.com.br\/wp-content\/uploads\/2018\/06\/fotoa-12-300x169.jpg 300w, https:\/\/diarioregionaldigital.com.br\/wp-content\/uploads\/2018\/06\/fotoa-12-768x432.jpg 768w, https:\/\/diarioregionaldigital.com.br\/wp-content\/uploads\/2018\/06\/fotoa-12-360x203.jpg 360w\" sizes=\"auto, (max-width: 680px) 100vw, 680px\" \/><p id=\"caption-attachment-108951\" class=\"wp-caption-text\">Campe\u00f5es: Ricardo Alex Souza, Vin\u00edcius Linhares, Talison Vardiero, Rog\u00e9rio Mendon\u00e7a (aniversariando), M\u00e1rcio Marques e Winckler Ros\u00e1rio<\/p><\/div>\n<div id=\"attachment_108942\" style=\"width: 690px\" class=\"wp-caption aligncenter\"><img loading=\"lazy\" decoding=\"async\" aria-describedby=\"caption-attachment-108942\" class=\"wp-image-108942\" src=\"http:\/\/diarioregionaljf.com.br\/wp-content\/uploads\/2018\/06\/fotob-13-e1529701700341.jpg\" alt=\"\" width=\"680\" height=\"534\" srcset=\"https:\/\/diarioregionaldigital.com.br\/wp-content\/uploads\/2018\/06\/fotob-13-e1529701700341.jpg 528w, https:\/\/diarioregionaldigital.com.br\/wp-content\/uploads\/2018\/06\/fotob-13-e1529701700341-300x236.jpg 300w, https:\/\/diarioregionaldigital.com.br\/wp-content\/uploads\/2018\/06\/fotob-13-e1529701700341-360x283.jpg 360w\" sizes=\"auto, (max-width: 680px) 100vw, 680px\" \/><p id=\"caption-attachment-108942\" class=\"wp-caption-text\">M\u00e1rcio Marques e Larissa Ferreira<\/p><\/div>\n<div id=\"attachment_108943\" style=\"width: 690px\" class=\"wp-caption aligncenter\"><img loading=\"lazy\" decoding=\"async\" aria-describedby=\"caption-attachment-108943\" class=\"wp-image-108943\" src=\"http:\/\/diarioregionaljf.com.br\/wp-content\/uploads\/2018\/06\/fotocc-2.jpg\" alt=\"\" width=\"680\" height=\"510\" srcset=\"https:\/\/diarioregionaldigital.com.br\/wp-content\/uploads\/2018\/06\/fotocc-2.jpg 960w, https:\/\/diarioregionaldigital.com.br\/wp-content\/uploads\/2018\/06\/fotocc-2-300x225.jpg 300w, https:\/\/diarioregionaldigital.com.br\/wp-content\/uploads\/2018\/06\/fotocc-2-768x576.jpg 768w, https:\/\/diarioregionaldigital.com.br\/wp-content\/uploads\/2018\/06\/fotocc-2-360x270.jpg 360w\" sizes=\"auto, (max-width: 680px) 100vw, 680px\" \/><p id=\"caption-attachment-108943\" class=\"wp-caption-text\">Beto Souza, Oswaldo Braga, M\u00e1rcio Marques, Eduardo Mazzoni, Ricardo Alex Souza, Marcos Trajano e Eduardo Gomes<\/p><\/div>\n<div id=\"attachment_108944\" style=\"width: 690px\" class=\"wp-caption aligncenter\"><img loading=\"lazy\" decoding=\"async\" aria-describedby=\"caption-attachment-108944\" class=\"wp-image-108944\" src=\"http:\/\/diarioregionaljf.com.br\/wp-content\/uploads\/2018\/06\/fotod-10.jpg\" alt=\"\" width=\"680\" height=\"383\" srcset=\"https:\/\/diarioregionaldigital.com.br\/wp-content\/uploads\/2018\/06\/fotod-10.jpg 960w, https:\/\/diarioregionaldigital.com.br\/wp-content\/uploads\/2018\/06\/fotod-10-300x169.jpg 300w, https:\/\/diarioregionaldigital.com.br\/wp-content\/uploads\/2018\/06\/fotod-10-768x432.jpg 768w, https:\/\/diarioregionaldigital.com.br\/wp-content\/uploads\/2018\/06\/fotod-10-360x203.jpg 360w\" sizes=\"auto, (max-width: 680px) 100vw, 680px\" \/><p id=\"caption-attachment-108944\" class=\"wp-caption-text\">M\u00e1rcio Marques, Rog\u00e9rio Mendon\u00e7a (aniversariando) e Winckler Ros\u00e1rio<\/p><\/div>\n<div id=\"attachment_108950\" style=\"width: 690px\" class=\"wp-caption aligncenter\"><img loading=\"lazy\" decoding=\"async\" aria-describedby=\"caption-attachment-108950\" class=\"wp-image-108950\" src=\"http:\/\/diarioregionaljf.com.br\/wp-content\/uploads\/2018\/06\/fotol-6-e1529701883443.jpg\" alt=\"\" width=\"680\" height=\"499\" srcset=\"https:\/\/diarioregionaldigital.com.br\/wp-content\/uploads\/2018\/06\/fotol-6-e1529701883443.jpg 613w, https:\/\/diarioregionaldigital.com.br\/wp-content\/uploads\/2018\/06\/fotol-6-e1529701883443-300x220.jpg 300w, https:\/\/diarioregionaldigital.com.br\/wp-content\/uploads\/2018\/06\/fotol-6-e1529701883443-360x264.jpg 360w\" sizes=\"auto, (max-width: 680px) 100vw, 680px\" \/><p id=\"caption-attachment-108950\" class=\"wp-caption-text\">Leonardo \u00c1vila e Stephanie Barbosa<\/p><\/div>\n<div id=\"attachment_108957\" style=\"width: 690px\" class=\"wp-caption aligncenter\"><img loading=\"lazy\" decoding=\"async\" aria-describedby=\"caption-attachment-108957\" class=\"wp-image-108957\" src=\"http:\/\/diarioregionaljf.com.br\/wp-content\/uploads\/2018\/06\/fotoh-14.jpg\" alt=\"\" width=\"680\" height=\"383\" srcset=\"https:\/\/diarioregionaldigital.com.br\/wp-content\/uploads\/2018\/06\/fotoh-14.jpg 960w, https:\/\/diarioregionaldigital.com.br\/wp-content\/uploads\/2018\/06\/fotoh-14-300x169.jpg 300w, https:\/\/diarioregionaldigital.com.br\/wp-content\/uploads\/2018\/06\/fotoh-14-768x432.jpg 768w, https:\/\/diarioregionaldigital.com.br\/wp-content\/uploads\/2018\/06\/fotoh-14-360x203.jpg 360w\" sizes=\"auto, (max-width: 680px) 100vw, 680px\" \/><p id=\"caption-attachment-108957\" class=\"wp-caption-text\">Del\u00edcias de canjica com am\u00eandoas de Francele Galil<\/p><\/div>\n<div id=\"attachment_108949\" style=\"width: 690px\" class=\"wp-caption aligncenter\"><img loading=\"lazy\" decoding=\"async\" aria-describedby=\"caption-attachment-108949\" class=\"wp-image-108949\" src=\"http:\/\/diarioregionaljf.com.br\/wp-content\/uploads\/2018\/06\/fotoj-13-e1529701915974.jpg\" alt=\"\" width=\"680\" height=\"531\" srcset=\"https:\/\/diarioregionaldigital.com.br\/wp-content\/uploads\/2018\/06\/fotoj-13-e1529701915974.jpg 960w, https:\/\/diarioregionaldigital.com.br\/wp-content\/uploads\/2018\/06\/fotoj-13-e1529701915974-300x234.jpg 300w, https:\/\/diarioregionaldigital.com.br\/wp-content\/uploads\/2018\/06\/fotoj-13-e1529701915974-768x599.jpg 768w, https:\/\/diarioregionaldigital.com.br\/wp-content\/uploads\/2018\/06\/fotoj-13-e1529701915974-360x281.jpg 360w\" sizes=\"auto, (max-width: 680px) 100vw, 680px\" \/><p id=\"caption-attachment-108949\" class=\"wp-caption-text\">Lidiane Stambassi e Alexandre Lenilson Fonseca<\/p><\/div>\n<div id=\"attachment_108960\" style=\"width: 690px\" class=\"wp-caption aligncenter\"><img loading=\"lazy\" decoding=\"async\" aria-describedby=\"caption-attachment-108960\" class=\"wp-image-108960\" src=\"http:\/\/diarioregionaljf.com.br\/wp-content\/uploads\/2018\/06\/fotof-14.jpg\" alt=\"\" width=\"680\" height=\"383\" srcset=\"https:\/\/diarioregionaldigital.com.br\/wp-content\/uploads\/2018\/06\/fotof-14.jpg 960w, https:\/\/diarioregionaldigital.com.br\/wp-content\/uploads\/2018\/06\/fotof-14-300x169.jpg 300w, https:\/\/diarioregionaldigital.com.br\/wp-content\/uploads\/2018\/06\/fotof-14-768x432.jpg 768w, https:\/\/diarioregionaldigital.com.br\/wp-content\/uploads\/2018\/06\/fotof-14-360x203.jpg 360w\" sizes=\"auto, (max-width: 680px) 100vw, 680px\" \/><p id=\"caption-attachment-108960\" class=\"wp-caption-text\">Finos canap\u00e9s de Francele Galil da Est\u00e2ncia Dom Vi\u00e7oso<\/p><\/div>\n<div id=\"attachment_108959\" style=\"width: 690px\" class=\"wp-caption aligncenter\"><img loading=\"lazy\" decoding=\"async\" aria-describedby=\"caption-attachment-108959\" class=\"wp-image-108959\" src=\"http:\/\/diarioregionaljf.com.br\/wp-content\/uploads\/2018\/06\/fotog-14.jpg\" alt=\"\" width=\"680\" height=\"383\" srcset=\"https:\/\/diarioregionaldigital.com.br\/wp-content\/uploads\/2018\/06\/fotog-14.jpg 960w, https:\/\/diarioregionaldigital.com.br\/wp-content\/uploads\/2018\/06\/fotog-14-300x169.jpg 300w, https:\/\/diarioregionaldigital.com.br\/wp-content\/uploads\/2018\/06\/fotog-14-768x432.jpg 768w, https:\/\/diarioregionaldigital.com.br\/wp-content\/uploads\/2018\/06\/fotog-14-360x203.jpg 360w\" sizes=\"auto, (max-width: 680px) 100vw, 680px\" \/><p id=\"caption-attachment-108959\" class=\"wp-caption-text\">M\u00e1rcio Marques, Larissa Ferreira e Beto Souza<\/p><\/div>\n<div id=\"attachment_108958\" style=\"width: 690px\" class=\"wp-caption aligncenter\"><img loading=\"lazy\" decoding=\"async\" aria-describedby=\"caption-attachment-108958\" class=\"wp-image-108958\" src=\"http:\/\/diarioregionaljf.com.br\/wp-content\/uploads\/2018\/06\/fotoi-12.jpg\" alt=\"\" width=\"680\" height=\"383\" srcset=\"https:\/\/diarioregionaldigital.com.br\/wp-content\/uploads\/2018\/06\/fotoi-12.jpg 960w, https:\/\/diarioregionaldigital.com.br\/wp-content\/uploads\/2018\/06\/fotoi-12-300x169.jpg 300w, https:\/\/diarioregionaldigital.com.br\/wp-content\/uploads\/2018\/06\/fotoi-12-768x432.jpg 768w, https:\/\/diarioregionaldigital.com.br\/wp-content\/uploads\/2018\/06\/fotoi-12-360x203.jpg 360w\" sizes=\"auto, (max-width: 680px) 100vw, 680px\" \/><p id=\"caption-attachment-108958\" class=\"wp-caption-text\">Rog\u00e9rio Mendon\u00e7a, Ricardo Alex Souza, Eduardo Gomes, M\u00e1rcio Marques e Talison Vardiero<\/p><\/div>\n<p style=\"text-align: center;\"><strong>FOTOSS\u00cdNTESE<\/strong><\/p>\n<p>Vem ai uma grande novidade M.Marques&#8230; uma nova concep\u00e7\u00e3o. Aguardem.<\/p>\n<p>O din\u00e2mico artista pl\u00e1stico Luiz Roberto Bellei tomou posse como presidente de Lions Clube Manchester, durante jantar festivo no Clube Cascatinha.<\/p>\n<p>Amigos e leitores desta coluna online est\u00e3o aniversariando. S\u00e3o eles: Joana D\u2019arc Pinto de Almeida e Eduardo Saleme. Parab\u00e9ns.<\/p>\n<p>Ser\u00e1 na 3\u00aa feira, 26 de junho, \u00e0s 15h, a tarde festiva de posse e elei\u00e7\u00e3o da diretoria 2018\/2019 da Casa da Amizade de Senhoras dos Rotarianos de Juiz de Fora. A elegante Renata Sotto Maior Medeiros passa o bast\u00e3o para Neide de Paula Seixas. Ser\u00e1 em sua sede, na rua Roberto de Barros, n\u00ba 35.<\/p>\n<p>Foi fin\u00edssimo o coquetel inaugural dos dez ambientes encravados na Jade do Spazio Design, assinados por Alex Martins, Juliana Mara, S\u00edlvio Silva, Luiz Duque, Aline Vanelli, Fernanda Rubatino, Katy e F\u00e1bio Barbosa, Mois\u00e9s Veriato, Nat\u00e1lia Torres, Jaqueline Bonjour, Roberta Gonzales e L\u00edvia Nehme.<\/p>\n<p>Em boa hora, o diretor do Jardim Bot\u00e2nico, Gustavo Soldati, avisa que est\u00e3o abertas as inscri\u00e7\u00f5es para o projeto de extens\u00e3o sobre educa\u00e7\u00e3o ambiental.<\/p>\n<p>Agendado para o dia 26 de junho, \u00e0s 20h, no Teatro Paschoal Carlos Magno, a solenidade de entrega do \u201cM\u00e9rito Comendador Henrique Halfeld\u201d.<\/p>\n<p>Come\u00e7a dia 22 de julho, a \u201cSemana da Imigra\u00e7\u00e3o Germ\u00e2nica Luiz Jos\u00e9 Stehling\u201d, promovida pela Associa\u00e7\u00e3o Alem\u00e3 do Borboleta. Na coordena\u00e7\u00e3o Salcio Del\u2019Duca.<\/p>\n<p>No domingo, 24 de junho, o Terrazzo recebe o \u201cArrai\u00e1 da Copa\u201d, em promo\u00e7\u00e3o da Aviva. No imenso sal\u00e3o, comidas e bebidas t\u00edpicas e o tom musical da dupla Renan &amp;Cristiano, Grupo Alquimia e DJ Tomate.<\/p>\n<p>Funalfa divulgou esta semana os resultados dos editais de ocupa\u00e7\u00e3o do Teatro Paschoal Carlos Magno e do Programa de Realiza\u00e7\u00e3o de Eventos Culturais Locais.<\/p>\n<p>Para este dia pense: Um simples ato de carinho, cria uma onda sem fim. Bom dia.<\/p>\n","protected":false},"excerpt":{"rendered":"<p>Projeto Encontro com o Autor \u00e9 a etapa final do projeto pedag\u00f3gico \u201cMinha cidade L\u00ea\u201d, que tem como tema nesta edi\u00e7\u00e3o, a obra Viagem ao Polo Norte, do escritor Mauro Cruz. O projeto faz parte de uma campanha intermunicipal da Zona da Mata mineira, que busca incentivar a leitura desde os primeiros anos na escola. [&hellip;]<\/p>\n","protected":false},"author":96,"featured_media":108951,"comment_status":"closed","ping_status":"closed","sticky":false,"template":"","format":"standard","meta":{"footnotes":""},"categories":[264],"tags":[],"class_list":["post-108974","post","type-post","status-publish","format-standard","has-post-thumbnail","hentry","category-eduardo-gomes"],"_links":{"self":[{"href":"https:\/\/diarioregionaldigital.com.br\/index.php?rest_route=\/wp\/v2\/posts\/108974","targetHints":{"allow":["GET"]}}],"collection":[{"href":"https:\/\/diarioregionaldigital.com.br\/index.php?rest_route=\/wp\/v2\/posts"}],"about":[{"href":"https:\/\/diarioregionaldigital.com.br\/index.php?rest_route=\/wp\/v2\/types\/post"}],"author":[{"embeddable":true,"href":"https:\/\/diarioregionaldigital.com.br\/index.php?rest_route=\/wp\/v2\/users\/96"}],"replies":[{"embeddable":true,"href":"https:\/\/diarioregionaldigital.com.br\/index.php?rest_route=%2Fwp%2Fv2%2Fcomments&post=108974"}],"version-history":[{"count":0,"href":"https:\/\/diarioregionaldigital.com.br\/index.php?rest_route=\/wp\/v2\/posts\/108974\/revisions"}],"wp:featuredmedia":[{"embeddable":true,"href":"https:\/\/diarioregionaldigital.com.br\/index.php?rest_route=\/wp\/v2\/media\/108951"}],"wp:attachment":[{"href":"https:\/\/diarioregionaldigital.com.br\/index.php?rest_route=%2Fwp%2Fv2%2Fmedia&parent=108974"}],"wp:term":[{"taxonomy":"category","embeddable":true,"href":"https:\/\/diarioregionaldigital.com.br\/index.php?rest_route=%2Fwp%2Fv2%2Fcategories&post=108974"},{"taxonomy":"post_tag","embeddable":true,"href":"https:\/\/diarioregionaldigital.com.br\/index.php?rest_route=%2Fwp%2Fv2%2Ftags&post=108974"}],"curies":[{"name":"wp","href":"https:\/\/api.w.org\/{rel}","templated":true}]}}