{"id":108970,"date":"2018-06-24T06:00:09","date_gmt":"2018-06-24T09:00:09","guid":{"rendered":"http:\/\/diarioregionaljf.com.br\/?p=108970"},"modified":"2018-06-22T18:06:24","modified_gmt":"2018-06-22T21:06:24","slug":"cobertura-vacinal-contra-poliomielite-esta-abaixo-do-ideal-em-minas-gerais","status":"publish","type":"post","link":"https:\/\/diarioregionaldigital.com.br\/?p=108970","title":{"rendered":"Cobertura vacinal contra poliomielite est\u00e1 abaixo do ideal em Minas Gerais"},"content":{"rendered":"<p>Mesmo sem nenhum registro de poliomielite no Brasil, desde 1990, a preocupa\u00e7\u00e3o com uma reintrodu\u00e7\u00e3o da doen\u00e7a no pa\u00eds voltou a preocupar autoridades da sa\u00fade em Minas Gerais.<\/p>\n<p>Essa preocupa\u00e7\u00e3o se deve a recente divulga\u00e7\u00e3o de um caso suspeito de p\u00f3lio em uma crian\u00e7a venezuelana de etnia ind\u00edgena. Com o constante fluxo de migra\u00e7\u00e3o de venezuelanos para o Brasil, acrescido das baixas coberturas vacinais contra a poliomielite, a Secretaria de Estado de Sa\u00fade de Minas Gerais lan\u00e7ou nesta semana um alerta para a import\u00e2ncia da vacina\u00e7\u00e3o e os cuidados para preven\u00e7\u00e3o da doen\u00e7a.<\/p>\n<p>Atualmente, a cobertura vacinal no Brasil contra a poliomielite \u00e9 de 77%. Diante de casos identificados na Venezuela, O Minist\u00e9rio da Sa\u00fade enviou nota de alerta para estados e munic\u00edpios sobre a import\u00e2ncia de alcan\u00e7ar e manter cobertura maior ou igual a 95%, al\u00e9m da necessidade de notifica\u00e7\u00e3o e investiga\u00e7\u00e3o imediata de todo caso de paralisia fl\u00e1cida aguda que apresente in\u00edcio s\u00fabito em indiv\u00edduos menores de 15 anos.<\/p>\n<p>O Minist\u00e9rio tamb\u00e9m informou que a campanha de vacina\u00e7\u00e3o contra a doen\u00e7a no Brasil deve ocorrer de 6 a 24 de agosto.<\/p>\n<p>A poliomielite, tamb\u00e9m conhecida como paralisia infantil, \u00e9 uma doen\u00e7a infecciosa, altamente contagiosa, provocada pelo poliov\u00edrus e afeta v\u00e1rias pessoas em todo o mundo.<\/p>\n<p>A p\u00f3lio \u00e9 causada pelo poliv\u00edrus que, em contato com o corpo humano, multiplica-se no intestino podendo invadir o sistema nervoso central, levando a perda de massa muscular e causando paralisia. \u00a0Os danos causados pela Poliomielite s\u00e3o irrevers\u00edveis.<\/p>\n<p>A transmiss\u00e3o pode ocorrer de pessoa para pessoa, por meio de alimentos e \u00e1gua contaminados ou pelo contato com got\u00edculas de secre\u00e7\u00f5es como ao falar, tossir e espirrar.<\/p>\n<p>De acordo com a pediatra e coordenadora do ber\u00e7\u00e1rio do Hospital Albert Sabin, M\u00e1rcia Mizrahy, a principal forma de preven\u00e7\u00e3o se d\u00e1 pela vacina\u00e7\u00e3o.\u00a0\u201cA vacina\u00e7\u00e3o \u00e9 fundamental. Contra a p\u00f3lio \u00e9 uma vacina simples que fazemos em tr\u00eas doses injet\u00e1veis e que d\u00e3o uma seguran\u00e7a muito boa. Os rec\u00e9m-nascidos recebem as doses aos 2 meses de vida, depois aos 4 e a terceira dose aos 6 meses. Al\u00e9m disso as crian\u00e7as tamb\u00e9m recebem dois refor\u00e7os com gotinha ao 1 ano e tr\u00eas meses e aos 4 anos de idade.\u201d Aliado a todas as doses de vacinas, vale relembrar a import\u00e2ncia da amamenta\u00e7\u00e3o como forma de preven\u00e7\u00e3o a diversas doen\u00e7as.<\/p>\n<p>M\u00e1rcia tamb\u00e9m destaca a necessidade da popula\u00e7\u00e3o voltar a estar atenta \u00e0s vacina\u00e7\u00f5es. \u201c\u00c9 importante recuperarmos o lema de n\u00e3o se perder a oportunidade vacinar uma crian\u00e7a. Precisamos resgatar isso e conscientizar a popula\u00e7\u00e3o n\u00e3o s\u00f3 para Poliomielite, mas tamb\u00e9m outras doen\u00e7as\u201d, finalizou ela.<\/p>\n<p>Em Juiz de Fora os pais podem buscar informa\u00e7\u00f5es sobre a vacina\u00e7\u00e3o contra Poliomielite e outras doen\u00e7as, nas Unidades B\u00e1sicas de Sa\u00fade (UBS\u2019s) e no Pam Marechal, que fica na Rua Marechal Deodoro, 216, no centro. Lembrando que a carteira de vacina\u00e7\u00e3o \u00e9 um documento essencial para todas as crian\u00e7as, por registrar e colaborar na organiza\u00e7\u00e3o das vacinas aplicadas.<\/p>\n<p><strong>\u00a0<\/strong><\/p>\n<p><strong>A\u00e7\u00f5es do Governo<\/strong><\/p>\n<p>Diante do caso notificado na Venezuela, o\u00a0<a href=\"http:\/\/www.mg.gov.br\/\">Governo de Minas Gerais<\/a>\u00a0refor\u00e7ou as a\u00e7\u00f5es para manter erradicada a doen\u00e7a no Estado. Entre elas est\u00e3o: o fortalecimento das atividades de imuniza\u00e7\u00e3o nas faixas et\u00e1rias preconizadas pelo Calend\u00e1rio Nacional de Vacina\u00e7\u00e3o (crian\u00e7as menores de 5 anos); alcan\u00e7ar 95% de cobertura para Vacina Inativada contra Poliomielite (VIP) e Vacina Oral contra Poliomielite (VOP) nas faixas et\u00e1rias preconizadas e tamb\u00e9m coberturas homog\u00eaneas; manter a vigil\u00e2ncia epidemiol\u00f3gica de alta qualidade; notificar os casos suspeitos imediatamente; orientar a popula\u00e7\u00e3o a buscar uma unidade de sa\u00fade no caso de aparecimento dos sintomas;\u00a0entre outras a\u00e7\u00f5es.<\/p>\n<p>&nbsp;<\/p>\n<p><strong>Cobertura vacinal<\/strong><\/p>\n<p>Desde 2016, o Programa Nacional de Imuniza\u00e7\u00e3o (PNI) adota a Vacina Inativa da Poliomielite (VIP) para as tr\u00eas primeiras doses, aplicadas aos dois, quatro e seis\u00a0meses de idade. E para as duas doses de refor\u00e7o, em crian\u00e7as de 15 meses e quatro anos de idade, a vacina utilizada \u00e9 a Vacinal Oral da Poliomielite (VOP).<\/p>\n<p>Em Minas Gerais, a cobertura vacinal geral contra a doen\u00e7a, em 2017, foi de 83% em crian\u00e7as menores de um ano e 74% para o refor\u00e7o em crian\u00e7as maiores de um ano. Em 2018, at\u00e9 o m\u00eas de maio, 67% do p\u00fablico priorit\u00e1rio recebeu a 3\u00aa dose da vacina e 54% das crian\u00e7as maiores de um ano receberam a dose do refor\u00e7o.<\/p>\n<p>A cobertura vacinal acumulada contra a poliomielite s\u00f3 foi alcan\u00e7ada para a terceira dose, aos tr\u00eas anos de idade, e para o primeiro refor\u00e7o, em crian\u00e7as de quatro anos. As demais idades ficaram abaixo da meta, que \u00e9 95% do p\u00fablico alvo vacinado. O p\u00fablico priorit\u00e1rio a ser vacinado no estado, nesse ano, \u00e9 de 253.480 pessoas.<\/p>\n<p>&nbsp;<\/p>\n<p>*com informa\u00e7\u00f5es da Ag\u00eancia Minas.<\/p>\n","protected":false},"excerpt":{"rendered":"<p>Mesmo sem nenhum registro de poliomielite no Brasil, desde 1990, a preocupa\u00e7\u00e3o com uma reintrodu\u00e7\u00e3o da doen\u00e7a no pa\u00eds voltou a preocupar autoridades da sa\u00fade em Minas Gerais. Essa preocupa\u00e7\u00e3o se deve a recente divulga\u00e7\u00e3o de um caso suspeito de p\u00f3lio em uma crian\u00e7a venezuelana de etnia ind\u00edgena. Com o constante fluxo de migra\u00e7\u00e3o de [&hellip;]<\/p>\n","protected":false},"author":96,"featured_media":108971,"comment_status":"closed","ping_status":"closed","sticky":false,"template":"","format":"standard","meta":{"footnotes":""},"categories":[436,440,252,439],"tags":[],"class_list":["post-108970","post","type-post","status-publish","format-standard","has-post-thumbnail","hentry","category-destaque-da-semana","category-destaques-do-dia","category-regiao","category-ultima-hora"],"_links":{"self":[{"href":"https:\/\/diarioregionaldigital.com.br\/index.php?rest_route=\/wp\/v2\/posts\/108970","targetHints":{"allow":["GET"]}}],"collection":[{"href":"https:\/\/diarioregionaldigital.com.br\/index.php?rest_route=\/wp\/v2\/posts"}],"about":[{"href":"https:\/\/diarioregionaldigital.com.br\/index.php?rest_route=\/wp\/v2\/types\/post"}],"author":[{"embeddable":true,"href":"https:\/\/diarioregionaldigital.com.br\/index.php?rest_route=\/wp\/v2\/users\/96"}],"replies":[{"embeddable":true,"href":"https:\/\/diarioregionaldigital.com.br\/index.php?rest_route=%2Fwp%2Fv2%2Fcomments&post=108970"}],"version-history":[{"count":0,"href":"https:\/\/diarioregionaldigital.com.br\/index.php?rest_route=\/wp\/v2\/posts\/108970\/revisions"}],"wp:featuredmedia":[{"embeddable":true,"href":"https:\/\/diarioregionaldigital.com.br\/index.php?rest_route=\/wp\/v2\/media\/108971"}],"wp:attachment":[{"href":"https:\/\/diarioregionaldigital.com.br\/index.php?rest_route=%2Fwp%2Fv2%2Fmedia&parent=108970"}],"wp:term":[{"taxonomy":"category","embeddable":true,"href":"https:\/\/diarioregionaldigital.com.br\/index.php?rest_route=%2Fwp%2Fv2%2Fcategories&post=108970"},{"taxonomy":"post_tag","embeddable":true,"href":"https:\/\/diarioregionaldigital.com.br\/index.php?rest_route=%2Fwp%2Fv2%2Ftags&post=108970"}],"curies":[{"name":"wp","href":"https:\/\/api.w.org\/{rel}","templated":true}]}}