{"id":108929,"date":"2018-06-22T17:27:42","date_gmt":"2018-06-22T20:27:42","guid":{"rendered":"http:\/\/diarioregionaljf.com.br\/?p=108929"},"modified":"2018-06-22T17:27:42","modified_gmt":"2018-06-22T20:27:42","slug":"suspeito-de-matar-homem-em-2016-e-preso-em-uba","status":"publish","type":"post","link":"https:\/\/diarioregionaldigital.com.br\/?p=108929","title":{"rendered":"Suspeito de matar homem em 2016 \u00e9 preso em Ub\u00e1"},"content":{"rendered":"<p>Nessa quinta-feira, 21, a Pol\u00edcia Civil de Minas Gerais, com apoio da Pol\u00edcia Militar, efetuou a pris\u00e3o de um homem de 35 anos, suspeito de homic\u00eddio, em Ub\u00e1. A a\u00e7\u00e3o \u00e9 resultado dos trabalhos de investiga\u00e7\u00e3o da equipe da Delegacia Antidrogas e Homic\u00eddios de Ub\u00e1 referente ao caso de um corpo, encontrado sem identifica\u00e7\u00e3o no dia 29 de setembro de 2016, por volta das 02h, na Rua Adolfo Pereira Cortez, no bairro S\u00e3o Domingos. Ap\u00f3s apura\u00e7\u00f5es, os policiais civis descobriram que o cad\u00e1ver se tratava da v\u00edtima Reginaldo Quirino, de 28 anos.<\/p>\n<p>Conforme informa\u00e7\u00f5es do Delegado Alexandrino Rosa de Souza, foi apurado que o investigado teria discutido com a v\u00edtima por motivos f\u00fateis, e atraiu o homem para um local atr\u00e1s da Rodovi\u00e1ria de Ub\u00e1, quando ent\u00e3o o matou a facadas.<\/p>\n<p>Segundo a autoridade policial, a agressividade dos golpes faz presumir que o suspeito estaria enfurecido. \u201cEle n\u00e3o deu chances de defesa para a v\u00edtima\u201d, explicou. Conclu\u00eddas as investiga\u00e7\u00f5es, foi representada pela pris\u00e3o do suspeito, cumprida com apoio dos policiais militares do Destacamento do munic\u00edpio de Rodeiro.\u00a0 O homem se encontra na unidade prisional, \u00e0 disposi\u00e7\u00e3o do poder judici\u00e1rio local.<\/p>\n<p>&nbsp;<\/p>\n<p>Fonte: Assessoria PC<\/p>\n","protected":false},"excerpt":{"rendered":"<p>Nessa quinta-feira, 21, a Pol\u00edcia Civil de Minas Gerais, com apoio da Pol\u00edcia Militar, efetuou a pris\u00e3o de um homem de 35 anos, suspeito de homic\u00eddio, em Ub\u00e1. A a\u00e7\u00e3o \u00e9 resultado dos trabalhos de investiga\u00e7\u00e3o da equipe da Delegacia Antidrogas e Homic\u00eddios de Ub\u00e1 referente ao caso de um corpo, encontrado sem identifica\u00e7\u00e3o no [&hellip;]<\/p>\n","protected":false},"author":96,"featured_media":108930,"comment_status":"closed","ping_status":"closed","sticky":false,"template":"","format":"standard","meta":{"footnotes":""},"categories":[252],"tags":[],"class_list":["post-108929","post","type-post","status-publish","format-standard","has-post-thumbnail","hentry","category-regiao"],"_links":{"self":[{"href":"https:\/\/diarioregionaldigital.com.br\/index.php?rest_route=\/wp\/v2\/posts\/108929","targetHints":{"allow":["GET"]}}],"collection":[{"href":"https:\/\/diarioregionaldigital.com.br\/index.php?rest_route=\/wp\/v2\/posts"}],"about":[{"href":"https:\/\/diarioregionaldigital.com.br\/index.php?rest_route=\/wp\/v2\/types\/post"}],"author":[{"embeddable":true,"href":"https:\/\/diarioregionaldigital.com.br\/index.php?rest_route=\/wp\/v2\/users\/96"}],"replies":[{"embeddable":true,"href":"https:\/\/diarioregionaldigital.com.br\/index.php?rest_route=%2Fwp%2Fv2%2Fcomments&post=108929"}],"version-history":[{"count":0,"href":"https:\/\/diarioregionaldigital.com.br\/index.php?rest_route=\/wp\/v2\/posts\/108929\/revisions"}],"wp:featuredmedia":[{"embeddable":true,"href":"https:\/\/diarioregionaldigital.com.br\/index.php?rest_route=\/wp\/v2\/media\/108930"}],"wp:attachment":[{"href":"https:\/\/diarioregionaldigital.com.br\/index.php?rest_route=%2Fwp%2Fv2%2Fmedia&parent=108929"}],"wp:term":[{"taxonomy":"category","embeddable":true,"href":"https:\/\/diarioregionaldigital.com.br\/index.php?rest_route=%2Fwp%2Fv2%2Fcategories&post=108929"},{"taxonomy":"post_tag","embeddable":true,"href":"https:\/\/diarioregionaldigital.com.br\/index.php?rest_route=%2Fwp%2Fv2%2Ftags&post=108929"}],"curies":[{"name":"wp","href":"https:\/\/api.w.org\/{rel}","templated":true}]}}