{"id":108928,"date":"2018-06-24T06:00:15","date_gmt":"2018-06-24T09:00:15","guid":{"rendered":"http:\/\/diarioregionaljf.com.br\/?p=108928"},"modified":"2018-06-22T17:54:59","modified_gmt":"2018-06-22T20:54:59","slug":"in-moda-24-de-junho","status":"publish","type":"post","link":"https:\/\/diarioregionaldigital.com.br\/?p=108928","title":{"rendered":"IN MODA &#8211; 24 DE JUNHO"},"content":{"rendered":"<p style=\"text-align: center;\"><span style=\"font-size: 18pt;\"><strong>FASHION NEWS<\/strong><\/span><\/p>\n<p>&nbsp;<\/p>\n<ul>\n<li><strong>PRA COLOCAR NA AGENDA<\/strong><\/li>\n<\/ul>\n<p><strong>\u00a0<\/strong>A SPFW n\u00b046 j\u00e1 tem data definida: de 22 a 26 de outubro.<\/p>\n<ul>\n<li><strong>GOSHA X ADIDAS<\/strong><\/li>\n<\/ul>\n<p style=\"text-align: center;\"><strong>\u00a0<\/strong>O estilista Gosha, que j\u00e1 colabora com a Adidas desde o in\u00edcio do ano passado acaba de lan\u00e7ar uma cole\u00e7\u00e3o em parceria com a marca, a inspira\u00e7\u00e3o? A Copa e a R\u00fassia! A cole\u00e7\u00e3o lan\u00e7ada especialmente para a Copa conta com tr\u00eas pe\u00e7as chaves: camisa de futebol, chuteira e a bola. A s\u00e9rie com 11 camisetas relacionadas a cada cidade que recebe os jogos e as demais pe\u00e7as j\u00e1 est\u00e3o dispon\u00edveis em lojas selecionadas da\u00a0Adidas, Comme des Gar\u00e7ons e Dover Street Market.<\/p>\n<p><img loading=\"lazy\" decoding=\"async\" class=\"size-full wp-image-108935 aligncenter\" src=\"http:\/\/diarioregionaljf.com.br\/wp-content\/uploads\/2018\/06\/adidas-4.jpg\" alt=\"\" width=\"1200\" height=\"640\" srcset=\"https:\/\/diarioregionaldigital.com.br\/wp-content\/uploads\/2018\/06\/adidas-4.jpg 1200w, https:\/\/diarioregionaldigital.com.br\/wp-content\/uploads\/2018\/06\/adidas-4-300x160.jpg 300w, https:\/\/diarioregionaldigital.com.br\/wp-content\/uploads\/2018\/06\/adidas-4-768x410.jpg 768w, https:\/\/diarioregionaldigital.com.br\/wp-content\/uploads\/2018\/06\/adidas-4-1024x546.jpg 1024w, https:\/\/diarioregionaldigital.com.br\/wp-content\/uploads\/2018\/06\/adidas-4-360x192.jpg 360w\" sizes=\"auto, (max-width: 1200px) 100vw, 1200px\" \/><\/p>\n<p>&nbsp;<\/p>\n<ul>\n<li><strong>CHARLOTTE OLYMPIA X ADRIANA DEGREAS<\/strong><\/li>\n<\/ul>\n<p style=\"text-align: center;\"><strong>\u00a0<\/strong>A designer de beachwear Adriana Degreas vai lan\u00e7ar uma cole\u00e7\u00e3o em parceria com a marca de sapatos Charlotte Olympia. A cole\u00e7\u00e3o conta com pe\u00e7as como hot pants e tops em forma de beijo, com estampas coloridas e divertidas, al\u00e9m de sand\u00e1lias e sa\u00eddas de praia. As pe\u00e7as estar\u00e3o dispon\u00edveis a partir de julho nas lojas de Adriana Degreas, no e-commerce da marca e em multimarcas pelo Brasil e no exterior.<\/p>\n<p><img loading=\"lazy\" decoding=\"async\" class=\"size-full wp-image-108936 aligncenter\" src=\"http:\/\/diarioregionaljf.com.br\/wp-content\/uploads\/2018\/06\/charlotte.jpg\" alt=\"\" width=\"1200\" height=\"857\" srcset=\"https:\/\/diarioregionaldigital.com.br\/wp-content\/uploads\/2018\/06\/charlotte.jpg 1200w, https:\/\/diarioregionaldigital.com.br\/wp-content\/uploads\/2018\/06\/charlotte-300x214.jpg 300w, https:\/\/diarioregionaldigital.com.br\/wp-content\/uploads\/2018\/06\/charlotte-768x548.jpg 768w, https:\/\/diarioregionaldigital.com.br\/wp-content\/uploads\/2018\/06\/charlotte-1024x731.jpg 1024w, https:\/\/diarioregionaldigital.com.br\/wp-content\/uploads\/2018\/06\/charlotte-360x257.jpg 360w, https:\/\/diarioregionaldigital.com.br\/wp-content\/uploads\/2018\/06\/charlotte-100x70.jpg 100w\" sizes=\"auto, (max-width: 1200px) 100vw, 1200px\" \/><\/p>\n<hr \/>\n<p style=\"text-align: center;\"><span style=\"font-size: 18pt;\"><strong>RADAR JF <\/strong><\/span><\/p>\n<ul>\n<li><strong>\u00a0<\/strong><strong>NOVO COMANDO <\/strong><\/li>\n<\/ul>\n<p style=\"text-align: center;\">\u00a0A Schutz Juiz de Fora est\u00e1 sob novo comando, \u00e0s empres\u00e1rias Rachel Marques e Priscilla Stiebler est\u00e3o \u00e0 frente da famosa franquia e prometem novidades!<\/p>\n<ul>\n<li><strong>\u00a0<\/strong><strong>OUTLET<\/strong><\/li>\n<\/ul>\n<p style=\"text-align: center;\"><strong>\u00a0<\/strong>Dani Hill est\u00e1 promovendo um outlet nas lojas da\u00a0Hill Store com estoque da f\u00e1brica, pe\u00e7a de 20 a 60 reais. Imperd\u00edvel!<\/p>\n<ul>\n<li><strong>CONSULTORIA DE IMAGEM <\/strong><\/li>\n<\/ul>\n<p style=\"text-align: center;\"><strong>\u00a0<\/strong>Finalizo em S\u00e3o Paulo, mais uma especializa\u00e7\u00e3o em Consultoria de Imagem. Dessa vez, a forma\u00e7\u00e3o \u00e9 com a jornalista e consultora de moda Dani Ferraz, autora do livro Sob Medida e do programa Tapa no Visual do programa Mais Voc\u00ea da Rede Globo. Logo trago novidades para coluna.<\/p>\n<hr \/>\n<p style=\"text-align: center;\"><span style=\"font-size: 18pt;\"><strong>TRENDS<\/strong><\/span><\/p>\n<ul>\n<li><strong>\u00a0<\/strong><strong>PLASTIC!<\/strong><\/li>\n<\/ul>\n<p style=\"text-align: center;\"><strong>\u00a0<\/strong>O pl\u00e1stico, queridinho nos anos 90 est\u00e1 com tudo! Depois de Chanel trazer o material como destaque em seu desfile de ver\u00e3o 2018, eles ganharam as fashionistas e as ruas. A tend\u00eancia est\u00e1 presente em bolsas, acess\u00f3rios, sapatos e at\u00e9 pe\u00e7as de roupas, prometendo levantar qualquer look mais basiquinho. Combine os sapatos em pl\u00e1stico transparente com\u00a0meias diferentes, jeans e t-shirt.<\/p>\n<p><img loading=\"lazy\" decoding=\"async\" class=\"size-full wp-image-108953 aligncenter\" src=\"http:\/\/diarioregionaljf.com.br\/wp-content\/uploads\/2018\/06\/plastic.jpg\" alt=\"\" width=\"462\" height=\"429\" srcset=\"https:\/\/diarioregionaldigital.com.br\/wp-content\/uploads\/2018\/06\/plastic.jpg 462w, https:\/\/diarioregionaldigital.com.br\/wp-content\/uploads\/2018\/06\/plastic-300x279.jpg 300w, https:\/\/diarioregionaldigital.com.br\/wp-content\/uploads\/2018\/06\/plastic-360x334.jpg 360w\" sizes=\"auto, (max-width: 462px) 100vw, 462px\" \/><\/p>\n<ul>\n<li><strong>DAS PISTAS PARA AS RUAS<\/strong><\/li>\n<\/ul>\n<p style=\"text-align: center;\"><strong>\u00a0<\/strong>Os aut\u00f3dromos invadiram as ruas, depois de Tommy Hilfiger trazer uma cole\u00e7\u00e3o inspirada neste universo, ele come\u00e7ou a cair no gosto das fashionistas de plant\u00e3o. Do cl\u00e1ssico quadricula do preto e branco das bandeirinhas aos conjuntos no melhor estilo piloto, Gigi Hadid e outras famosas j\u00e1 aderiram ao estilo racer!<\/p>\n<hr \/>\n<p style=\"text-align: center;\"><span style=\"font-size: 18pt;\"><strong>BELEZA<\/strong><\/span><\/p>\n<ul>\n<li><strong>\u00a0<\/strong><strong>Uma de cada cor!<\/strong><\/li>\n<\/ul>\n<p style=\"text-align: center;\"><strong>\u00a0<\/strong>N\u00f3s mulheres adoramos um esmalte e uma unha bem feita n\u00e3o \u00e9 mesmo?!Estamos em antenadas nas cores do momento e dessa vez, a cor do momento significa v\u00e1rias cores de uma s\u00f3 vez! Isso mesmo, a tend\u00eancia da vez \u00e9 pintar cada unha de uma cor e parece que a nova moda vem ganhando muitos adeptos nas ruas! Para aderir a tend\u00eancia, mas de forma mais discreta, aposte no truque do tom sobre tom, com diferentes tons da mesma fam\u00edlia, mas para um visual mais ousado, a ideia \u00e9 escolher cores diferentes.<\/p>\n<p><img loading=\"lazy\" decoding=\"async\" class=\"size-full wp-image-108938 aligncenter\" src=\"http:\/\/diarioregionaljf.com.br\/wp-content\/uploads\/2018\/06\/beleza.jpg\" alt=\"\" width=\"560\" height=\"420\" srcset=\"https:\/\/diarioregionaldigital.com.br\/wp-content\/uploads\/2018\/06\/beleza.jpg 560w, https:\/\/diarioregionaldigital.com.br\/wp-content\/uploads\/2018\/06\/beleza-300x225.jpg 300w, https:\/\/diarioregionaldigital.com.br\/wp-content\/uploads\/2018\/06\/beleza-360x270.jpg 360w\" sizes=\"auto, (max-width: 560px) 100vw, 560px\" \/><\/p>\n<hr \/>\n<p style=\"text-align: center;\"><span style=\"font-size: 18pt;\"><strong>IN MODA RESPONDE<\/p>\n<p><\/strong><\/span><\/p>\n<p><strong>\u00a0<\/strong><strong>Como posso usar brilho durante o dia sem ficar over? &#8211; Daniela dos Santos<\/strong><\/p>\n<p style=\"text-align: center;\"><strong>\u00a0<\/strong>J\u00e1 foi o tempo em que o brilho era restrito apenas a noite, hoje em dia ele est\u00e1 liberado em qualquer hora do dia! Para equilibrar e n\u00e3o deixar a produ\u00e7\u00e3o muito pesada, combine uma pe\u00e7a com brilho com outra mais despojada, como uma pe\u00e7a em malha ou o bom e velho jeans, al\u00e9m de equilibrar a produ\u00e7\u00e3o a combina\u00e7\u00e3o ainda cria um hi-lo fashionista. A aposta em modelagens como as esportivas tamb\u00e9m pode trazer o look para o dia garantindo o equil\u00edbrio. Lembre-se sempre que o mais importante \u00e9 voc\u00ea se sentir bem e se voc\u00ea estiver insegura, comece por acess\u00f3rios brilhosos, como sapatos ou bolsas para garantir o brilho da produ\u00e7\u00e3o.<\/p>\n<p>&nbsp;<\/p>\n<p><strong><img loading=\"lazy\" decoding=\"async\" class=\"alignleft wp-image-108939 size-medium\" src=\"http:\/\/diarioregionaljf.com.br\/wp-content\/uploads\/2018\/06\/monocromatico-167x300.jpg\" alt=\"\" width=\"167\" height=\"300\" srcset=\"https:\/\/diarioregionaldigital.com.br\/wp-content\/uploads\/2018\/06\/monocromatico-167x300.jpg 167w, https:\/\/diarioregionaldigital.com.br\/wp-content\/uploads\/2018\/06\/monocromatico-572x1024.jpg 572w, https:\/\/diarioregionaldigital.com.br\/wp-content\/uploads\/2018\/06\/monocromatico-360x645.jpg 360w, https:\/\/diarioregionaldigital.com.br\/wp-content\/uploads\/2018\/06\/monocromatico.jpg 600w\" sizes=\"auto, (max-width: 167px) 100vw, 167px\" \/>Para criar uma produ\u00e7\u00e3o monocrom\u00e1tica, tenho que usar todas as pe\u00e7as na mesma tonalidade? \u2013 Juliana Baptista<\/strong><\/p>\n<p style=\"text-align: center;\">O monocrom\u00e1tico \u00e9 respons\u00e1vel por um visual superestiloso e embora o mais comum sejam todas as pe\u00e7as em um mesmo tom, isso n\u00e3o \u00e9 uma regra! As combina\u00e7\u00f5es com diferentes tons de uma mesma cor podem deixar o look mais interessante ainda, vale combinar um azul royal com um marinho por exemplo, cores candys com color blocking, a dica \u00e9 escolher cores que te agradem e que voc\u00ea se sinta \u00e0 vontade usando e partir disso, brincar com as tonalidades.<\/p>\n<p>&nbsp;<\/p>\n<hr \/>\n<p style=\"text-align: center;\"><span style=\"font-size: 18pt;\"><strong>CLICK IN MODA<\/strong><\/span><\/p>\n<p><strong>\u00a0<\/strong>O click de M\u00e1rcio Brigatto para as belas Let\u00edcia Renault, J\u00falia Horta e Aninha Calixto que estrelaram a cole\u00e7\u00e3o nota 10 da designer de moda Mariana Matos. Beleza: Aline Valentin, est\u00fadio Victor Fish.<\/p>\n<p><img loading=\"lazy\" decoding=\"async\" class=\"size-full wp-image-108967 aligncenter\" src=\"http:\/\/diarioregionaljf.com.br\/wp-content\/uploads\/2018\/06\/clickinmoda-7.jpg\" alt=\"\" width=\"375\" height=\"562\" srcset=\"https:\/\/diarioregionaldigital.com.br\/wp-content\/uploads\/2018\/06\/clickinmoda-7.jpg 375w, https:\/\/diarioregionaldigital.com.br\/wp-content\/uploads\/2018\/06\/clickinmoda-7-200x300.jpg 200w, https:\/\/diarioregionaldigital.com.br\/wp-content\/uploads\/2018\/06\/clickinmoda-7-360x540.jpg 360w\" sizes=\"auto, (max-width: 375px) 100vw, 375px\" \/><\/p>\n<p><strong>COLABORADORAS:\u00a0<\/strong><strong>MARIANA MATOS E\u00a0<\/strong><strong>MARIA EDUARDA VER\u00cdSSIMO<\/strong><\/p>\n","protected":false},"excerpt":{"rendered":"<p>FASHION NEWS &nbsp; PRA COLOCAR NA AGENDA \u00a0A SPFW n\u00b046 j\u00e1 tem data definida: de 22 a 26 de outubro. GOSHA X ADIDAS \u00a0O estilista Gosha, que j\u00e1 colabora com a Adidas desde o in\u00edcio do ano passado acaba de lan\u00e7ar uma cole\u00e7\u00e3o em parceria com a marca, a inspira\u00e7\u00e3o? A Copa e a R\u00fassia! [&hellip;]<\/p>\n","protected":false},"author":96,"featured_media":0,"comment_status":"closed","ping_status":"closed","sticky":false,"template":"","format":"standard","meta":{"footnotes":""},"categories":[285],"tags":[],"class_list":["post-108928","post","type-post","status-publish","format-standard","hentry","category-moda-ana-paula-calixto"],"_links":{"self":[{"href":"https:\/\/diarioregionaldigital.com.br\/index.php?rest_route=\/wp\/v2\/posts\/108928","targetHints":{"allow":["GET"]}}],"collection":[{"href":"https:\/\/diarioregionaldigital.com.br\/index.php?rest_route=\/wp\/v2\/posts"}],"about":[{"href":"https:\/\/diarioregionaldigital.com.br\/index.php?rest_route=\/wp\/v2\/types\/post"}],"author":[{"embeddable":true,"href":"https:\/\/diarioregionaldigital.com.br\/index.php?rest_route=\/wp\/v2\/users\/96"}],"replies":[{"embeddable":true,"href":"https:\/\/diarioregionaldigital.com.br\/index.php?rest_route=%2Fwp%2Fv2%2Fcomments&post=108928"}],"version-history":[{"count":0,"href":"https:\/\/diarioregionaldigital.com.br\/index.php?rest_route=\/wp\/v2\/posts\/108928\/revisions"}],"wp:attachment":[{"href":"https:\/\/diarioregionaldigital.com.br\/index.php?rest_route=%2Fwp%2Fv2%2Fmedia&parent=108928"}],"wp:term":[{"taxonomy":"category","embeddable":true,"href":"https:\/\/diarioregionaldigital.com.br\/index.php?rest_route=%2Fwp%2Fv2%2Fcategories&post=108928"},{"taxonomy":"post_tag","embeddable":true,"href":"https:\/\/diarioregionaldigital.com.br\/index.php?rest_route=%2Fwp%2Fv2%2Ftags&post=108928"}],"curies":[{"name":"wp","href":"https:\/\/api.w.org\/{rel}","templated":true}]}}