{"id":108920,"date":"2018-06-22T17:04:27","date_gmt":"2018-06-22T20:04:27","guid":{"rendered":"http:\/\/diarioregionaljf.com.br\/?p=108920"},"modified":"2018-06-22T17:05:31","modified_gmt":"2018-06-22T20:05:31","slug":"fachin-arquiva-investigacao-cobre-citacao-a-temer-em-documento","status":"publish","type":"post","link":"https:\/\/diarioregionaldigital.com.br\/?p=108920","title":{"rendered":"Fachin arquiva investiga\u00e7\u00e3o cobre cita\u00e7\u00e3o a Temer em documento"},"content":{"rendered":"<p>O ministro do Supremo Tribunal Federal (STF) Edson Fachin determinou nessa sexta-feira, 22, o arquivamento de uma investiga\u00e7\u00e3o da Procuradoria-Geral de Rep\u00fablica (PGR) sobre um manuscrito apreendido no gabinete do senador Ciro Nogueira (PP-PI) que citava o presidente Michel Temer. A apreens\u00e3o ocorreu em abril durante buscas feitas pela Pol\u00edcia Federal (PF) contra o parlamentar, com autoriza\u00e7\u00e3o do Supremo Tribunal Federal (STF).<\/p>\n<p>Na dilig\u00eancia, os agentes encontraram um manuscrito com as express\u00f5es \u201cFundo 1.000 Imp 200 RT 200 2 Temer 300 300\u201d e o enviaram para a PGR, que, meses depois, pediu o arquivamento ao Supremo, por entender que houve falta de provas suficientes para o prosseguimento das investiga\u00e7\u00f5es. Para a procuradoria, o caso poder\u00e1 ser retomado se \u201chouver not\u00edcia de novas provas\u201d.<\/p>\n<p>A procuradoria afirmou que a jurisprud\u00eancia da Corte prev\u00ea que o pedido de arquivamento de uma investiga\u00e7\u00e3o deve ser aceito \u201cindependentemente da an\u00e1lise das raz\u00f5es invocadas\u201d.<\/p>\n<p>Ap\u00f3s as buscas e apreens\u00f5es, Ciro Nogueira e o deputado federal Eduardo da Fonte (PP-PE) foram denunciados ao STF pelo crime de embara\u00e7o \u00e0 investiga\u00e7\u00e3o criminal. Segundo a acusa\u00e7\u00e3o, os parlamentares amea\u00e7aram um assessor que prestaria depoimento no processo no qual os parlamentares do PP s\u00e3o acusados de receber R$ 2 milh\u00f5es da empreiteira UTC para favorecer a empresa em obras no Piau\u00ed.<\/p>\n<p>&nbsp;<\/p>\n<p>Fonte: Ag\u00eancia Brasil<\/p>\n<p>&nbsp;<\/p>\n","protected":false},"excerpt":{"rendered":"<p>O ministro do Supremo Tribunal Federal (STF) Edson Fachin determinou nessa sexta-feira, 22, o arquivamento de uma investiga\u00e7\u00e3o da Procuradoria-Geral de Rep\u00fablica (PGR) sobre um manuscrito apreendido no gabinete do senador Ciro Nogueira (PP-PI) que citava o presidente Michel Temer. A apreens\u00e3o ocorreu em abril durante buscas feitas pela Pol\u00edcia Federal (PF) contra o parlamentar, [&hellip;]<\/p>\n","protected":false},"author":96,"featured_media":108923,"comment_status":"closed","ping_status":"closed","sticky":false,"template":"","format":"standard","meta":{"footnotes":""},"categories":[254,439],"tags":[],"class_list":["post-108920","post","type-post","status-publish","format-standard","has-post-thumbnail","hentry","category-politica","category-ultima-hora"],"_links":{"self":[{"href":"https:\/\/diarioregionaldigital.com.br\/index.php?rest_route=\/wp\/v2\/posts\/108920","targetHints":{"allow":["GET"]}}],"collection":[{"href":"https:\/\/diarioregionaldigital.com.br\/index.php?rest_route=\/wp\/v2\/posts"}],"about":[{"href":"https:\/\/diarioregionaldigital.com.br\/index.php?rest_route=\/wp\/v2\/types\/post"}],"author":[{"embeddable":true,"href":"https:\/\/diarioregionaldigital.com.br\/index.php?rest_route=\/wp\/v2\/users\/96"}],"replies":[{"embeddable":true,"href":"https:\/\/diarioregionaldigital.com.br\/index.php?rest_route=%2Fwp%2Fv2%2Fcomments&post=108920"}],"version-history":[{"count":0,"href":"https:\/\/diarioregionaldigital.com.br\/index.php?rest_route=\/wp\/v2\/posts\/108920\/revisions"}],"wp:featuredmedia":[{"embeddable":true,"href":"https:\/\/diarioregionaldigital.com.br\/index.php?rest_route=\/wp\/v2\/media\/108923"}],"wp:attachment":[{"href":"https:\/\/diarioregionaldigital.com.br\/index.php?rest_route=%2Fwp%2Fv2%2Fmedia&parent=108920"}],"wp:term":[{"taxonomy":"category","embeddable":true,"href":"https:\/\/diarioregionaldigital.com.br\/index.php?rest_route=%2Fwp%2Fv2%2Fcategories&post=108920"},{"taxonomy":"post_tag","embeddable":true,"href":"https:\/\/diarioregionaldigital.com.br\/index.php?rest_route=%2Fwp%2Fv2%2Ftags&post=108920"}],"curies":[{"name":"wp","href":"https:\/\/api.w.org\/{rel}","templated":true}]}}