{"id":108914,"date":"2018-06-24T06:00:00","date_gmt":"2018-06-24T09:00:00","guid":{"rendered":"http:\/\/diarioregionaljf.com.br\/?p=108914"},"modified":"2018-06-22T17:06:28","modified_gmt":"2018-06-22T20:06:28","slug":"a-formula-magica-da-arquitetura-comercial","status":"publish","type":"post","link":"https:\/\/diarioregionaldigital.com.br\/?p=108914","title":{"rendered":"A F\u00d3RMULA M\u00c1GICA DA ARQUITETURA COMERCIAL"},"content":{"rendered":"<p>Hoje nosso artigo de arquitetura ser\u00e1 dirigido especificamente para quem quer montar um espa\u00e7o comercial ou j\u00e1 tem um e quer melhorar as vendas atrav\u00e9s da arquitetura. Assim, se voc\u00ea n\u00e3o se inclui nesses casos, por favor, n\u00e3o leia mais o texto ou acabar\u00e1 descobrindo alguns segredos da arquitetura que te induzem, inconscientemente, a consumir mais.<\/p>\n<p>Dito isso, e sabendo que a partir de agora s\u00f3 temos leitores empres\u00e1rios, precisaremos fazer um pequeno teste de l\u00f3gica. Parece um teste bobo, mas, se realizado a s\u00e9rio, vai permitir um profundo entendimento do tema principal.<\/p>\n<p>Para realiz\u00e1-lo voc\u00ea vai precisar apenas de um pouco de aten\u00e7\u00e3o\u2026 Topa?<\/p>\n<p><img loading=\"lazy\" decoding=\"async\" class=\"size-full wp-image-108915 aligncenter\" src=\"http:\/\/diarioregionaljf.com.br\/wp-content\/uploads\/2018\/06\/figuraum.jpg\" alt=\"\" width=\"748\" height=\"424\" srcset=\"https:\/\/diarioregionaldigital.com.br\/wp-content\/uploads\/2018\/06\/figuraum.jpg 748w, https:\/\/diarioregionaldigital.com.br\/wp-content\/uploads\/2018\/06\/figuraum-300x170.jpg 300w, https:\/\/diarioregionaldigital.com.br\/wp-content\/uploads\/2018\/06\/figuraum-360x204.jpg 360w\" sizes=\"auto, (max-width: 748px) 100vw, 748px\" \/><\/p>\n<p>&nbsp;<\/p>\n<ol>\n<li>Pense em um n\u00famero de 1 a 9<\/li>\n<li>Multiplique esse n\u00famero por 9<\/li>\n<li>Se o resultado for um n\u00famero de dois algarismos, voc\u00ea ter\u00e1 que somar esses dois d\u00edgitos. Por exemplo, se deu 35= 3+5 =8, se deu 25= 2+5 =7.<\/li>\n<li>Agora pegue o valor encontrado e some 7.\u00a0 Se encontrou 5, por exemplo: 5 + 7 = 12<\/li>\n<li>Divida esse novo n\u00famero encontrado por 4. (Aten\u00e7\u00e3o: caso \u00f1 seja poss\u00edvel comece do in\u00edcio, com aten\u00e7\u00e3o, pois provavelmente voc\u00ea errou em algum lugar).<\/li>\n<li>Transforme esse n\u00famero em uma letra da seguinte maneira:\u00a01=A; 2=B; 3=C; 4=D; 5=E; &#8230;\u00a025=Y; 26=Z<\/li>\n<li>Pense o nome de um pa\u00eds que come\u00e7a com essa letra. Escreva ao lado: _ _ _ _ _ _ _ _ _<\/li>\n<li>Agora, pense r\u00e1pido&#8230; Pegue a 5\u00aa letra do nome deste pa\u00eds e pense o nome de um animal que comece com ela.\u00a0Escreva ao lado: _ _ _ _ _ _<\/li>\n<li>Pense em uma cor que comece com a mesma letra do animal escolhido: _ _ _ _ _ _<\/li>\n<\/ol>\n<p>Agora me responda o seguinte: o que esse macaco marrom est\u00e1 fazendo na Dinamarca?<\/p>\n<p>Pergunto isso porque muito provavelmente foram essas as suas escolhas: Dinamarca, macaco e marrom. Fa\u00e7a esse mesmo teste com outras pessoas e veja o que acontece.<\/p>\n<p>Mas \u201cque bruxaria \u00e9 essa\u201d?<\/p>\n<p>Isso n\u00e3o \u00e9 bruxaria&#8230; \u00e9 l\u00f3gica.<\/p>\n<p>Qualquer n\u00famero que escolhesse entre 1 e 9, depois de feitas todas as contas sugeridas, resultaria em 4. O que equivale \u00e0 letra \u201cD\u201d. S\u00f3 existem tr\u00eas pa\u00edses come\u00e7ados com essa letra: Dinamarca e os outros eu teria que pesquisar para responder.<\/p>\n<p>A quinta letra \u00e9 \u201cM\u201d. O bicho mais prov\u00e1vel a ter sido escolhido foi o macaco e a cor, marrom (a menos que tenha for\u00e7ado a barra e inventado um \u201cmarelo\u201d ou tirado o musgo do fundo do ba\u00fa).<\/p>\n<p><img loading=\"lazy\" decoding=\"async\" class=\"alignnone size-full wp-image-108917\" src=\"http:\/\/diarioregionaljf.com.br\/wp-content\/uploads\/2018\/06\/figuradois.jpg\" alt=\"\" width=\"720\" height=\"720\" srcset=\"https:\/\/diarioregionaldigital.com.br\/wp-content\/uploads\/2018\/06\/figuradois.jpg 720w, https:\/\/diarioregionaldigital.com.br\/wp-content\/uploads\/2018\/06\/figuradois-150x150.jpg 150w, https:\/\/diarioregionaldigital.com.br\/wp-content\/uploads\/2018\/06\/figuradois-300x300.jpg 300w, https:\/\/diarioregionaldigital.com.br\/wp-content\/uploads\/2018\/06\/figuradois-180x180.jpg 180w, https:\/\/diarioregionaldigital.com.br\/wp-content\/uploads\/2018\/06\/figuradois-600x600.jpg 600w, https:\/\/diarioregionaldigital.com.br\/wp-content\/uploads\/2018\/06\/figuradois-120x120.jpg 120w, https:\/\/diarioregionaldigital.com.br\/wp-content\/uploads\/2018\/06\/figuradois-360x360.jpg 360w, https:\/\/diarioregionaldigital.com.br\/wp-content\/uploads\/2018\/06\/figuradois-80x80.jpg 80w\" sizes=\"auto, (max-width: 720px) 100vw, 720px\" \/><\/p>\n<p><strong>LIGANDO OS PONTOS<\/strong><\/p>\n<p>Legal&#8230; mas o que isso tem a ver com a arquitetura comercial?<\/p>\n<p>Elementar, meu caro leitor.<\/p>\n<p>Da mesma forma que voc\u00ea foi induzido a escolher as tr\u00eas palavras, achando que a escolha era aleat\u00f3ria e casual, tudo come\u00e7ando pelo fato de que foi voc\u00ea que escolheu o n\u00famero de 1 a 9 l\u00e1 no come\u00e7o do processo&#8230; A montagem de uma loja tamb\u00e9m pode induzir o cliente a comprar mais ou menos.<\/p>\n<p>Ou voc\u00ea acha que \u00e9 por acaso que as balas e pequenas guloseimas ficam pr\u00f3ximas aos caixas na sa\u00edda dos supermercados?<\/p>\n<p>Tamb\u00e9m acredita que \u00e9 algo casual aquele delicioso cheiro de sandu\u00edche dentro de uma rede de fast food?<\/p>\n<p>Saiba que em um bom projeto, nada \u00e9 casual e tudo influencia: desde as cores das paredes \u00e0 quantidade de ilumina\u00e7\u00e3o; da altura dos m\u00f3veis \u00e0 disposi\u00e7\u00e3o dos produtos dentro da loja (ou escrit\u00f3rio)&#8230;<\/p>\n<p>Um bom projeto de arquitetura comercial trabalha com uma s\u00e9rie de elementos, que variam para cada tipo de neg\u00f3cio, permitem uma melhor viv\u00eancia do espa\u00e7o pelo cliente e geraram um melhor retorno econ\u00f4mico para o empres\u00e1rio.<\/p>\n<p>Falando no ouvido que melhor escuta: se voc\u00ea vai montar uma loja, contrate um arquiteto, pois um bom projeto induz ao aumento de vendas.<\/p>\n<p>A seguir, algumas dicas de arquitetura comercial para potencializar as vendas:<\/p>\n<p><img loading=\"lazy\" decoding=\"async\" class=\"alignnone size-full wp-image-108918\" src=\"http:\/\/diarioregionaljf.com.br\/wp-content\/uploads\/2018\/06\/figuratres.jpg\" alt=\"\" width=\"652\" height=\"408\" srcset=\"https:\/\/diarioregionaldigital.com.br\/wp-content\/uploads\/2018\/06\/figuratres.jpg 652w, https:\/\/diarioregionaldigital.com.br\/wp-content\/uploads\/2018\/06\/figuratres-300x188.jpg 300w, https:\/\/diarioregionaldigital.com.br\/wp-content\/uploads\/2018\/06\/figuratres-360x225.jpg 360w\" sizes=\"auto, (max-width: 652px) 100vw, 652px\" \/><\/p>\n<p><strong>A CARA DA RIQUEZA<\/strong><\/p>\n<p>Jo\u00e3ozinho Trinta foi questionado uma vez por que usava tanto luxo em seus desfiles se o Carnaval era uma festa popular?<\/p>\n<p>E a resposta foi de bate pronto: <strong>\u201c<\/strong>Quem gosta de pobreza \u00e9 intelectual. Pobre gosta mesmo \u00e9 de luxo&#8221;<strong>.<\/strong><\/p>\n<p>Isso \u00e9 quase um axioma, entretanto, em arquitetura alguns aspectos culturais t\u00eam que ser levados em considera\u00e7\u00e3o.<\/p>\n<p>Se voc\u00ea vende cafezinho em uma rua muito popular e monta uma loja mega bonita, toda iluminada, com detalhes em dourado e com o piso claro.<\/p>\n<p>Logo do seu lado tem um concorrente com uma cara mais popular, sem muita ostenta\u00e7\u00e3o.<\/p>\n<p>Considerando, ainda, que as duas lojas tenham o mesmo pre\u00e7o. Sinceramente responda: qual loja voc\u00ea acha que viver\u00e1 mais cheia&#8230; por qu\u00ea?<\/p>\n<p>Voc\u00ea n\u00e3o acha que uma loja bonita em excesso espantaria uma clientela mais popular? Inibiria a entrada das pessoas at\u00e9 por acreditarem que a mais bonita \u00e9 tem produtos mais caros?<\/p>\n<p>As caracter\u00edsticas do p\u00fablico alvo t\u00eam que ser levadas em considera\u00e7\u00e3o na hora da montagem da apar\u00eancia da loja.<\/p>\n<p><img loading=\"lazy\" decoding=\"async\" class=\"alignnone size-full wp-image-108926\" src=\"http:\/\/diarioregionaljf.com.br\/wp-content\/uploads\/2018\/06\/figuraquatro-4.jpg\" alt=\"\" width=\"3245\" height=\"1699\" srcset=\"https:\/\/diarioregionaldigital.com.br\/wp-content\/uploads\/2018\/06\/figuraquatro-4.jpg 3245w, https:\/\/diarioregionaldigital.com.br\/wp-content\/uploads\/2018\/06\/figuraquatro-4-300x157.jpg 300w, https:\/\/diarioregionaldigital.com.br\/wp-content\/uploads\/2018\/06\/figuraquatro-4-768x402.jpg 768w, https:\/\/diarioregionaldigital.com.br\/wp-content\/uploads\/2018\/06\/figuraquatro-4-1024x536.jpg 1024w, https:\/\/diarioregionaldigital.com.br\/wp-content\/uploads\/2018\/06\/figuraquatro-4-360x188.jpg 360w\" sizes=\"auto, (max-width: 3245px) 100vw, 3245px\" \/><\/p>\n<p><strong>CHEIRINHO DE QUEIJO<\/strong><\/p>\n<p>Quem j\u00e1 foi em algum espet\u00e1culo no Teatro Pr\u00f3 M\u00fasica em Juiz de Fora inevitavelmente j\u00e1 sentiu um irresist\u00edvel cheiro de pipoca invadindo o corredor de sa\u00edda bem no fim do evento.<\/p>\n<p>E a\u00ed?&#8230; ser\u00e1 que esse cheiro j\u00e1 te induziu a entrar na fila da carrocinha do pipoqueiro?<\/p>\n<p>De forma contr\u00e1ria, certa vez entrei em uma lanchonete que o propriet\u00e1rio fazia quest\u00e3o de manter sempre limpa. Parece bom, n\u00e3o \u00e9?<\/p>\n<p>O caso \u00e9 que de hora em hora ele passava um desinfetante no ch\u00e3o com cheiro de enxaguante bucal.<\/p>\n<p>Me responda sinceramente: voc\u00ea tem coragem de comer alguma coisa assim que acabou de escovar os dentes? Enquanto o sabor da pasta ainda est\u00e1 na boca parece at\u00e9 que a fome reduz, n\u00e3o \u00e9 verdade?<\/p>\n<p>Ent\u00e3o imagine o efeito desse cheiro de enxaguante bucal dentro de uma lanchonete!<\/p>\n<p>E o propriet\u00e1rio n\u00e3o entendia porque o concorrente ao lado, com a lanchonete com cheiro de pastel frito, atraia mais os clientes.<\/p>\n<p>Atualmente existem ind\u00fastrias especializadas em criar cheiros espec\u00edficos para ambientes comerciais (tem at\u00e9 ess\u00eancia de carro novo).<\/p>\n<p>Os cheiros adequados podem criar um v\u00ednculo com o seu ponto comercial e aumentar as vendas.<\/p>\n<p>Para mais dicas: facebook.com\/argusarquitetura<\/p>\n","protected":false},"excerpt":{"rendered":"<p>Hoje nosso artigo de arquitetura ser\u00e1 dirigido especificamente para quem quer montar um espa\u00e7o comercial ou j\u00e1 tem um e quer melhorar as vendas atrav\u00e9s da arquitetura. Assim, se voc\u00ea n\u00e3o se inclui nesses casos, por favor, n\u00e3o leia mais o texto ou acabar\u00e1 descobrindo alguns segredos da arquitetura que te induzem, inconscientemente, a consumir [&hellip;]<\/p>\n","protected":false},"author":96,"featured_media":108918,"comment_status":"closed","ping_status":"closed","sticky":false,"template":"","format":"standard","meta":{"footnotes":""},"categories":[287],"tags":[],"class_list":["post-108914","post","type-post","status-publish","format-standard","has-post-thumbnail","hentry","category-arquitetura-fabiano-teixeira"],"_links":{"self":[{"href":"https:\/\/diarioregionaldigital.com.br\/index.php?rest_route=\/wp\/v2\/posts\/108914","targetHints":{"allow":["GET"]}}],"collection":[{"href":"https:\/\/diarioregionaldigital.com.br\/index.php?rest_route=\/wp\/v2\/posts"}],"about":[{"href":"https:\/\/diarioregionaldigital.com.br\/index.php?rest_route=\/wp\/v2\/types\/post"}],"author":[{"embeddable":true,"href":"https:\/\/diarioregionaldigital.com.br\/index.php?rest_route=\/wp\/v2\/users\/96"}],"replies":[{"embeddable":true,"href":"https:\/\/diarioregionaldigital.com.br\/index.php?rest_route=%2Fwp%2Fv2%2Fcomments&post=108914"}],"version-history":[{"count":0,"href":"https:\/\/diarioregionaldigital.com.br\/index.php?rest_route=\/wp\/v2\/posts\/108914\/revisions"}],"wp:featuredmedia":[{"embeddable":true,"href":"https:\/\/diarioregionaldigital.com.br\/index.php?rest_route=\/wp\/v2\/media\/108918"}],"wp:attachment":[{"href":"https:\/\/diarioregionaldigital.com.br\/index.php?rest_route=%2Fwp%2Fv2%2Fmedia&parent=108914"}],"wp:term":[{"taxonomy":"category","embeddable":true,"href":"https:\/\/diarioregionaldigital.com.br\/index.php?rest_route=%2Fwp%2Fv2%2Fcategories&post=108914"},{"taxonomy":"post_tag","embeddable":true,"href":"https:\/\/diarioregionaldigital.com.br\/index.php?rest_route=%2Fwp%2Fv2%2Ftags&post=108914"}],"curies":[{"name":"wp","href":"https:\/\/api.w.org\/{rel}","templated":true}]}}