{"id":108900,"date":"2018-06-22T16:38:19","date_gmt":"2018-06-22T19:38:19","guid":{"rendered":"http:\/\/diarioregionaljf.com.br\/?p=108900"},"modified":"2018-06-22T16:39:55","modified_gmt":"2018-06-22T19:39:55","slug":"bem-comum-tem-edicao-especial-com-atividades-fisicas-lazer-e-educacao-ambiental","status":"publish","type":"post","link":"https:\/\/diarioregionaldigital.com.br\/?p=108900","title":{"rendered":"\u201cBem Comum\u201d tem edi\u00e7\u00e3o especial com atividades f\u00edsicas, lazer e educa\u00e7\u00e3o ambiental"},"content":{"rendered":"<p>Neste domingo, 24, a Avenida Rio Branco ser\u00e1 palco de mais uma edi\u00e7\u00e3o do \u201cBem Comum\u201d. Desta vez, o espa\u00e7o ter\u00e1 diversas atra\u00e7\u00f5es, para todas as idades, com atividades f\u00edsicas, \u201cJF Lazer\u201d, exposi\u00e7\u00e3o de sementes e oficinas de educa\u00e7\u00e3o ambiental. Para o evento, a Secretaria de Transporte e Tr\u00e2nsito (Settra) da Prefeitura de Juiz de Fora (PJF) far\u00e1 interven\u00e7\u00f5es no tr\u00e2nsito da avenida. A Secretaria de Esporte e Lazer (SEL) montar\u00e1 o \u201cJF Lazer\u201d, com 12 esta\u00e7\u00f5es de brinquedos, como pula-pula, t\u00eanis de mesa, tot\u00f3, escorregadores e o novo \u201ctot\u00f3 humano\u201d. Todas as brincadeiras ser\u00e3o supervisionadas pela equipe da SEL.<\/p>\n<p>A Secretaria de Meio Ambiente (SMA) disponibilizar\u00e1 exposi\u00e7\u00e3o de sementes, informa\u00e7\u00f5es sobre esp\u00e9cies nativas da Mata Atl\u00e2ntica e comandar\u00e1 oficina de colorir, com temas relacionados \u00e0 educa\u00e7\u00e3o ambiental, para as crian\u00e7as.<\/p>\n<p>A Academia Olympia desenvolver\u00e1 atividades de corrida\/caminhada, hiit\/cross training (combina\u00e7\u00e3o de diversos exerc\u00edcios mais intensos) e alongamento, de 8 \u00e0s12 horas.<\/p>\n<p><b>Tr\u00e2nsito<\/b><\/p>\n<p>Das 6 \u00e0s 13 horas, a pista central da Avenida Rio Branco, no trecho entre a Rua Doutor Romualdo e Avenida Doutor Jos\u00e9 Proc\u00f3pio Teixeira, ficar\u00e1 interditada para o tr\u00e2nsito de ve\u00edculos.<\/p>\n<p>Os \u00f4nibus que circulam no sentido bairros Manoel Hon\u00f3rio\/Bom Pastor deixar\u00e3o a faixa central no cruzamento com Avenida Presidente Itamar Franco, utilizando a lateral. No sentido inverso, retornar\u00e3o \u00e0 pista central no cruzamento com a Rua Doutor Romualdo. Os pontos de parada na pista lateral ser\u00e3o em frente aos atuais da pista central.<\/p>\n<p>&nbsp;<\/p>\n<p>Fonte: Assessoria PJF<\/p>\n","protected":false},"excerpt":{"rendered":"<p>Neste domingo, 24, a Avenida Rio Branco ser\u00e1 palco de mais uma edi\u00e7\u00e3o do \u201cBem Comum\u201d. Desta vez, o espa\u00e7o ter\u00e1 diversas atra\u00e7\u00f5es, para todas as idades, com atividades f\u00edsicas, \u201cJF Lazer\u201d, exposi\u00e7\u00e3o de sementes e oficinas de educa\u00e7\u00e3o ambiental. Para o evento, a Secretaria de Transporte e Tr\u00e2nsito (Settra) da Prefeitura de Juiz de [&hellip;]<\/p>\n","protected":false},"author":96,"featured_media":98091,"comment_status":"closed","ping_status":"closed","sticky":false,"template":"","format":"standard","meta":{"footnotes":""},"categories":[253],"tags":[],"class_list":["post-108900","post","type-post","status-publish","format-standard","has-post-thumbnail","hentry","category-cidade"],"_links":{"self":[{"href":"https:\/\/diarioregionaldigital.com.br\/index.php?rest_route=\/wp\/v2\/posts\/108900","targetHints":{"allow":["GET"]}}],"collection":[{"href":"https:\/\/diarioregionaldigital.com.br\/index.php?rest_route=\/wp\/v2\/posts"}],"about":[{"href":"https:\/\/diarioregionaldigital.com.br\/index.php?rest_route=\/wp\/v2\/types\/post"}],"author":[{"embeddable":true,"href":"https:\/\/diarioregionaldigital.com.br\/index.php?rest_route=\/wp\/v2\/users\/96"}],"replies":[{"embeddable":true,"href":"https:\/\/diarioregionaldigital.com.br\/index.php?rest_route=%2Fwp%2Fv2%2Fcomments&post=108900"}],"version-history":[{"count":0,"href":"https:\/\/diarioregionaldigital.com.br\/index.php?rest_route=\/wp\/v2\/posts\/108900\/revisions"}],"wp:featuredmedia":[{"embeddable":true,"href":"https:\/\/diarioregionaldigital.com.br\/index.php?rest_route=\/wp\/v2\/media\/98091"}],"wp:attachment":[{"href":"https:\/\/diarioregionaldigital.com.br\/index.php?rest_route=%2Fwp%2Fv2%2Fmedia&parent=108900"}],"wp:term":[{"taxonomy":"category","embeddable":true,"href":"https:\/\/diarioregionaldigital.com.br\/index.php?rest_route=%2Fwp%2Fv2%2Fcategories&post=108900"},{"taxonomy":"post_tag","embeddable":true,"href":"https:\/\/diarioregionaldigital.com.br\/index.php?rest_route=%2Fwp%2Fv2%2Ftags&post=108900"}],"curies":[{"name":"wp","href":"https:\/\/api.w.org\/{rel}","templated":true}]}}