{"id":108895,"date":"2018-06-22T16:16:46","date_gmt":"2018-06-22T19:16:46","guid":{"rendered":"http:\/\/diarioregionaljf.com.br\/?p=108895"},"modified":"2018-06-22T16:16:46","modified_gmt":"2018-06-22T19:16:46","slug":"apos-perseguicao-prf-prende-dupla-com-picape-hilux-clonada","status":"publish","type":"post","link":"https:\/\/diarioregionaldigital.com.br\/?p=108895","title":{"rendered":"Ap\u00f3s persegui\u00e7\u00e3o, PRF prende dupla com picape Hilux clonada"},"content":{"rendered":"<p>Dois jovens, de 21 e 23 anos, foram detidos pela Pol\u00edcia Rodovi\u00e1ria Federal (PRF), na noite dessa quinta-feira, 21, com uma picape Toyota Hilux clonada, roubada no Rio de Janeiro. Segundo a PRF, a dupla fugiu de uma tentativa de abordagem na BR-116, mas acabou capturada ap\u00f3s ser perseguida pelos policiais rodovi\u00e1rios por alguns quil\u00f4metros.<\/p>\n<p>De acordo com a corpora\u00e7\u00e3o, os agentes constaram que a picape havia sido roubada no fim de maio, no Rio de Janeiro-RJ, e est\u00e1 com placas e alguns elementos de outra Hilux com as mesmas caracter\u00edsticas, sendo encontrado dentro do ve\u00edculo um documento falso de outra caminhonete.<\/p>\n<p>Ainda conforme a PRF, os detidos relataram que estavam levando a picape de Angra dos Reis-RJ para a cidade de I\u00fana, no Esp\u00edrito Santo, e um deles\u00a0 possui passagem por tr\u00e1fico de drogas e se encontra em liberdade condicional.<\/p>\n<p>A caminhonete foi apreendida e recolhida para um p\u00e1tio credenciado pelo Detran, e a dupla encaminhada para apresenta\u00e7\u00e3o \u00e0 Pol\u00edcia Civil (PC), no plant\u00e3o da Delegacia Regional de Leopoldina.<\/p>\n<p>&nbsp;<\/p>\n<p>Fonte: R\u00e1dio Muria\u00e9<\/p>\n","protected":false},"excerpt":{"rendered":"<p>Dois jovens, de 21 e 23 anos, foram detidos pela Pol\u00edcia Rodovi\u00e1ria Federal (PRF), na noite dessa quinta-feira, 21, com uma picape Toyota Hilux clonada, roubada no Rio de Janeiro. Segundo a PRF, a dupla fugiu de uma tentativa de abordagem na BR-116, mas acabou capturada ap\u00f3s ser perseguida pelos policiais rodovi\u00e1rios por alguns quil\u00f4metros. [&hellip;]<\/p>\n","protected":false},"author":96,"featured_media":108897,"comment_status":"closed","ping_status":"closed","sticky":false,"template":"","format":"standard","meta":{"footnotes":""},"categories":[252],"tags":[],"class_list":["post-108895","post","type-post","status-publish","format-standard","has-post-thumbnail","hentry","category-regiao"],"_links":{"self":[{"href":"https:\/\/diarioregionaldigital.com.br\/index.php?rest_route=\/wp\/v2\/posts\/108895","targetHints":{"allow":["GET"]}}],"collection":[{"href":"https:\/\/diarioregionaldigital.com.br\/index.php?rest_route=\/wp\/v2\/posts"}],"about":[{"href":"https:\/\/diarioregionaldigital.com.br\/index.php?rest_route=\/wp\/v2\/types\/post"}],"author":[{"embeddable":true,"href":"https:\/\/diarioregionaldigital.com.br\/index.php?rest_route=\/wp\/v2\/users\/96"}],"replies":[{"embeddable":true,"href":"https:\/\/diarioregionaldigital.com.br\/index.php?rest_route=%2Fwp%2Fv2%2Fcomments&post=108895"}],"version-history":[{"count":0,"href":"https:\/\/diarioregionaldigital.com.br\/index.php?rest_route=\/wp\/v2\/posts\/108895\/revisions"}],"wp:featuredmedia":[{"embeddable":true,"href":"https:\/\/diarioregionaldigital.com.br\/index.php?rest_route=\/wp\/v2\/media\/108897"}],"wp:attachment":[{"href":"https:\/\/diarioregionaldigital.com.br\/index.php?rest_route=%2Fwp%2Fv2%2Fmedia&parent=108895"}],"wp:term":[{"taxonomy":"category","embeddable":true,"href":"https:\/\/diarioregionaldigital.com.br\/index.php?rest_route=%2Fwp%2Fv2%2Fcategories&post=108895"},{"taxonomy":"post_tag","embeddable":true,"href":"https:\/\/diarioregionaldigital.com.br\/index.php?rest_route=%2Fwp%2Fv2%2Ftags&post=108895"}],"curies":[{"name":"wp","href":"https:\/\/api.w.org\/{rel}","templated":true}]}}