{"id":108894,"date":"2018-06-24T06:00:10","date_gmt":"2018-06-24T09:00:10","guid":{"rendered":"http:\/\/diarioregionaljf.com.br\/?p=108894"},"modified":"2018-06-22T16:12:42","modified_gmt":"2018-06-22T19:12:42","slug":"fe-na-copa-do-mundo","status":"publish","type":"post","link":"https:\/\/diarioregionaldigital.com.br\/?p=108894","title":{"rendered":"F\u00e9 na Copa do Mundo"},"content":{"rendered":"<p>A Copa Mundial de Futebol mexe com todo o globo terrestre. Do oriente ao ocidente, do norte ao sul, dos pa\u00edses pobres aos pa\u00edses ricos, negros, brancos, amarelos e vermelhos, culturas se encontram e, em geral, reina a paz.<\/p>\n<p>Paro um pouco diante de atitudes religiosas dos jogadores e das torcidas. Vindos de cren\u00e7as diferentes, assistimos, n\u00e3o raras vezes, express\u00f5es de f\u00e9 e gestos de ora\u00e7\u00e3o que aparecem nas telas da m\u00eddia. Certamente, muitas n\u00e3o s\u00e3o focalizadas e tantas s\u00e3o guardadas apenas no segredo da mente e no sil\u00eancio do cora\u00e7\u00e3o. Diz o ditado: \u201c<em>Cora\u00e7\u00e3o dos outros \u00e9 terra a que ningu\u00e9m vai<\/em>\u201d. Entre os torcedores, s\u00e3o muitas as express\u00f5es espirituais e h\u00e1 gente que at\u00e9 faz promessa para sua esquadra ganhar.<\/p>\n<p>No dia 18, segunda feira passada, a sele\u00e7\u00e3o do Panam\u00e1, que estreava no campeonato mundial, mesmo tendo sido derrotada pela B\u00e9lgica por tr\u00eas a zero, se ajoelha para rezar em a\u00e7\u00e3o de gra\u00e7as.<\/p>\n<p>Que gesto bonito! Lembrei-me de uma frase escrita numa quadra de futsal, na cidade de Divin\u00f3polis, onde, adolescente, fazia meu curso ginasial. Estava escrito algo assim: \u201c<em>Mais importante que vencer \u00e9 competir<\/em>\u201d. Entendi, diante do gesto eloquente do time do Panam\u00e1, que competir j\u00e1 \u00e9 vit\u00f3ria, pois estar ali \u00e9 sinal de que se encontra entre os melhores do mundo. E quando vi que jogaram bem, mas n\u00e3o conseguiram fazer nenhum gol, conclui que mais vale a vit\u00f3ria da honra que o sucesso nas disputas, e que mais alto que as recompensas humanas, est\u00e1 a f\u00e9 que nos faz superar momentos de eventuais derrotas no caminhar da vida. Na verdade, muitas coisas que parecem derrota, muitas vezes v\u00e3o se revelar como vit\u00f3ria mais \u00e0 frente. Quem \u00e9 crist\u00e3o entender\u00e1 bem isto, pois em Cristo tal fato se evidenciou inconteste.<\/p>\n<p>Naquele mesmo jogo, uma cena chamou a aten\u00e7\u00e3o do mundo e emocionou os que t\u00eam f\u00e9. Um jogador da B\u00e9lgica e outro do Panam\u00e1, sem nem perceber o que o outro estava fazendo, ao mesmo tempo, e muito pr\u00f3ximos um do outro, se ajoelham para rezar. S\u00e3o dois pa\u00edses crist\u00e3os. Certamente aqueles atletas receberam educa\u00e7\u00e3o religiosa de suas fam\u00edlias, e no cora\u00e7\u00e3o percebem, desde a inf\u00e2ncia, que Deus est\u00e1 e deve estar sempre em primeiro lugar em tudo. Nada pode, de fato, se antepor a Deus em nossa vida e nem em nossas competi\u00e7\u00f5es. Fazendo o sinal da cruz, com o qual ambos se persignaram, expressam sua f\u00e9 cat\u00f3lica.<\/p>\n<p>Mas vemos tamb\u00e9m express\u00f5es t\u00edpicas de outras correntes crist\u00e3s, como protestantes, pentecostais, ortodoxos e n\u00e3o crist\u00e3os. S\u00e3o sinais inequ\u00edvocos de que, al\u00e9m das disputas esportivas, al\u00e9m do desejo leg\u00edtimo de ganhar o t\u00edtulo e levar a ta\u00e7a, h\u00e1 no cora\u00e7\u00e3o humano algo maior, mais importante, duradouro e invenc\u00edvel que \u00e9 Deus.<\/p>\n<p>Reveste-se de sacralidade tamb\u00e9m o gesto de solidariedade praticado pela Isl\u00e2ndia que pousou com uma camisa estampada com o nome de Carl Ikene, nigeriano, goleiro da esquadra, por\u00e9m que n\u00e3o pode ir \u00e0 Copa da R\u00fassia, por causa de um c\u00e2ncer, contra o qual est\u00e1 lutando com pesados tratamentos.<\/p>\n<p>S\u00e3o Paulo Ap\u00f3stolo se serviu desta realidade para expressar sua firme convic\u00e7\u00e3o, ao fim do jogo da vida. Escrevendo a Tim\u00f3teo, professa: \u201c<em>Combati o bom combate, terminei minha corrida, guardei a f\u00e9. Desde agora, me est\u00e1 reservada a coroa da justi\u00e7a, que o Senhor, justo juiz, me dar\u00e1 naquele dia, n\u00e3o somente a mim, mas tamb\u00e9m a todos os que tiverem esperado com amor a sua volta\u201d ( 2\u00aa. Tim 4, 7-8).<\/em><\/p>\n<p>Tamb\u00e9m atrav\u00e9s das copas, Deus se manifesta carinhosamente aos seus filhos.<\/p>\n","protected":false},"excerpt":{"rendered":"<p>A Copa Mundial de Futebol mexe com todo o globo terrestre. Do oriente ao ocidente, do norte ao sul, dos pa\u00edses pobres aos pa\u00edses ricos, negros, brancos, amarelos e vermelhos, culturas se encontram e, em geral, reina a paz. Paro um pouco diante de atitudes religiosas dos jogadores e das torcidas. Vindos de cren\u00e7as diferentes, [&hellip;]<\/p>\n","protected":false},"author":96,"featured_media":97694,"comment_status":"closed","ping_status":"closed","sticky":false,"template":"","format":"standard","meta":{"footnotes":""},"categories":[276],"tags":[],"class_list":["post-108894","post","type-post","status-publish","format-standard","has-post-thumbnail","hentry","category-dom-gil"],"_links":{"self":[{"href":"https:\/\/diarioregionaldigital.com.br\/index.php?rest_route=\/wp\/v2\/posts\/108894","targetHints":{"allow":["GET"]}}],"collection":[{"href":"https:\/\/diarioregionaldigital.com.br\/index.php?rest_route=\/wp\/v2\/posts"}],"about":[{"href":"https:\/\/diarioregionaldigital.com.br\/index.php?rest_route=\/wp\/v2\/types\/post"}],"author":[{"embeddable":true,"href":"https:\/\/diarioregionaldigital.com.br\/index.php?rest_route=\/wp\/v2\/users\/96"}],"replies":[{"embeddable":true,"href":"https:\/\/diarioregionaldigital.com.br\/index.php?rest_route=%2Fwp%2Fv2%2Fcomments&post=108894"}],"version-history":[{"count":0,"href":"https:\/\/diarioregionaldigital.com.br\/index.php?rest_route=\/wp\/v2\/posts\/108894\/revisions"}],"wp:featuredmedia":[{"embeddable":true,"href":"https:\/\/diarioregionaldigital.com.br\/index.php?rest_route=\/wp\/v2\/media\/97694"}],"wp:attachment":[{"href":"https:\/\/diarioregionaldigital.com.br\/index.php?rest_route=%2Fwp%2Fv2%2Fmedia&parent=108894"}],"wp:term":[{"taxonomy":"category","embeddable":true,"href":"https:\/\/diarioregionaldigital.com.br\/index.php?rest_route=%2Fwp%2Fv2%2Fcategories&post=108894"},{"taxonomy":"post_tag","embeddable":true,"href":"https:\/\/diarioregionaldigital.com.br\/index.php?rest_route=%2Fwp%2Fv2%2Ftags&post=108894"}],"curies":[{"name":"wp","href":"https:\/\/api.w.org\/{rel}","templated":true}]}}