{"id":108888,"date":"2018-06-22T16:08:36","date_gmt":"2018-06-22T19:08:36","guid":{"rendered":"http:\/\/diarioregionaljf.com.br\/?p=108888"},"modified":"2018-06-22T16:08:36","modified_gmt":"2018-06-22T19:08:36","slug":"camara-arquiva-proposta-que-preve-inscricao-gratuita-em-vestibular-para-alunos-de-escola-publica","status":"publish","type":"post","link":"https:\/\/diarioregionaldigital.com.br\/?p=108888","title":{"rendered":"C\u00e2mara arquiva proposta que prev\u00ea inscri\u00e7\u00e3o gratuita em vestibular para alunos de escola p\u00fablica"},"content":{"rendered":"<p>A Comiss\u00e3o de Finan\u00e7as e Tributa\u00e7\u00e3o rejeitou o Projeto de Lei\u00a05457\/09, do Senado, que veda a cobran\u00e7a de inscri\u00e7\u00e3o no vestibular de institui\u00e7\u00f5es p\u00fablicas federais para candidatos que tenham cursado integralmente o ensino m\u00e9dio em escolas p\u00fablicas.<\/p>\n<p>A rejei\u00e7\u00e3o ao texto foi pedida pela relatora na comiss\u00e3o, deputada Simone Morgado (MDB-PA), por incompatibilidade e pela inadequa\u00e7\u00e3o or\u00e7ament\u00e1ria e financeira. Este tipo de rejei\u00e7\u00e3o implica o arquivamento do projeto, mas cabe recurso ao Plen\u00e1rio da C\u00e2mara.<\/p>\n<p>\u201cO projeto se encontra apoiado em ren\u00fancia de receitas da Uni\u00e3o\u201d, disse Simone Morgado. \u201cLogo, promove impacto fiscal, cujo montante n\u00e3o se acha devidamente explicitado e compensado\u201d, continuou a relatora, lembrado que esse tipo de proposta precisa conter as estimativas de ren\u00fancia de receita e as compensa\u00e7\u00f5es, conforme preveem a Lei de Responsabilidade Fiscal (Lei Complementar 101\/00) e a Lei de Diretrizes Or\u00e7ament\u00e1rias para 2018 (Lei\u00a013.473\/17).<\/p>\n<p>O texto rejeitado tamb\u00e9m prev\u00ea inscri\u00e7\u00e3o gratuita para candidatos cuja renda familiar seja de at\u00e9 dois sal\u00e1rios m\u00ednimos. Ele havia sido aprovado anteriormente pela Comiss\u00e3o de Educa\u00e7\u00e3o.<\/p>\n<p>&nbsp;<\/p>\n<p>Fonte: Ag\u00eancia C\u00e2mara<\/p>\n","protected":false},"excerpt":{"rendered":"<p>A Comiss\u00e3o de Finan\u00e7as e Tributa\u00e7\u00e3o rejeitou o Projeto de Lei\u00a05457\/09, do Senado, que veda a cobran\u00e7a de inscri\u00e7\u00e3o no vestibular de institui\u00e7\u00f5es p\u00fablicas federais para candidatos que tenham cursado integralmente o ensino m\u00e9dio em escolas p\u00fablicas. A rejei\u00e7\u00e3o ao texto foi pedida pela relatora na comiss\u00e3o, deputada Simone Morgado (MDB-PA), por incompatibilidade e pela [&hellip;]<\/p>\n","protected":false},"author":96,"featured_media":108891,"comment_status":"closed","ping_status":"closed","sticky":false,"template":"","format":"standard","meta":{"footnotes":""},"categories":[302,439],"tags":[],"class_list":["post-108888","post","type-post","status-publish","format-standard","has-post-thumbnail","hentry","category-brasil-mundo","category-ultima-hora"],"_links":{"self":[{"href":"https:\/\/diarioregionaldigital.com.br\/index.php?rest_route=\/wp\/v2\/posts\/108888","targetHints":{"allow":["GET"]}}],"collection":[{"href":"https:\/\/diarioregionaldigital.com.br\/index.php?rest_route=\/wp\/v2\/posts"}],"about":[{"href":"https:\/\/diarioregionaldigital.com.br\/index.php?rest_route=\/wp\/v2\/types\/post"}],"author":[{"embeddable":true,"href":"https:\/\/diarioregionaldigital.com.br\/index.php?rest_route=\/wp\/v2\/users\/96"}],"replies":[{"embeddable":true,"href":"https:\/\/diarioregionaldigital.com.br\/index.php?rest_route=%2Fwp%2Fv2%2Fcomments&post=108888"}],"version-history":[{"count":0,"href":"https:\/\/diarioregionaldigital.com.br\/index.php?rest_route=\/wp\/v2\/posts\/108888\/revisions"}],"wp:featuredmedia":[{"embeddable":true,"href":"https:\/\/diarioregionaldigital.com.br\/index.php?rest_route=\/wp\/v2\/media\/108891"}],"wp:attachment":[{"href":"https:\/\/diarioregionaldigital.com.br\/index.php?rest_route=%2Fwp%2Fv2%2Fmedia&parent=108888"}],"wp:term":[{"taxonomy":"category","embeddable":true,"href":"https:\/\/diarioregionaldigital.com.br\/index.php?rest_route=%2Fwp%2Fv2%2Fcategories&post=108888"},{"taxonomy":"post_tag","embeddable":true,"href":"https:\/\/diarioregionaldigital.com.br\/index.php?rest_route=%2Fwp%2Fv2%2Ftags&post=108888"}],"curies":[{"name":"wp","href":"https:\/\/api.w.org\/{rel}","templated":true}]}}