{"id":108884,"date":"2018-06-24T06:00:28","date_gmt":"2018-06-24T09:00:28","guid":{"rendered":"http:\/\/diarioregionaljf.com.br\/?p=108884"},"modified":"2018-06-22T16:00:11","modified_gmt":"2018-06-22T19:00:11","slug":"orientacao-profissional","status":"publish","type":"post","link":"https:\/\/diarioregionaldigital.com.br\/?p=108884","title":{"rendered":"ORIENTA\u00c7\u00c3O PROFISSIONAL"},"content":{"rendered":"<p>H\u00e1 palavras que, em determinados per\u00edodos, ganham for\u00e7a extraordin\u00e1ria.\u00a0 Hoje em dia, <strong>coaching<\/strong> est\u00e1 na moda e se aplica aos movimentos de orienta\u00e7\u00e3o profissional.\u00a0 Os <strong>coaches<\/strong> (treinadores\/orientadores em ingl\u00eas) s\u00e3o respons\u00e1veis por atividades que apontam os melhores caminhos a seguir.\u00a0 Muitas escolas superiores utilizam esse recurso, com trabalhos em grupo ou individuais.\u00a0 S\u00e3o conversas orientadas com perguntas espec\u00edficas que auxiliam o processo, al\u00e9m da defini\u00e7\u00e3o de metas que ir\u00e3o colaborar nas tarefas estudantis.<\/p>\n<p>Segundo a pesquisadora Manoela Ferrari, formada pela PUC\/RJ, n\u00e3o h\u00e1 d\u00favida de que a escolha da profiss\u00e3o deve ser feita a partir do fen\u00f4meno da autorreflex\u00e3o.\u00a0 O primeiro passo \u00e9 conhecer a si mesmo.\u00a0 Saber quais s\u00e3o os seus pontos fortes e fracos, as habilidades, as pretens\u00f5es e os desejos para o futuro.\u00a0 Em seguida, prosseguir com esse exerc\u00edcio com a descoberta das \u00e1reas que mais despertam a aten\u00e7\u00e3o ou aquelas em que revelam as maiores facilidades.<\/p>\n<p>Mesmo os estudantes que j\u00e1 definiram qual profiss\u00e3o pretendem seguir devem passar por um processo de triagem, pois n\u00e3o \u00e9 incomum o abandono de determinado curso, para trocar por outro, aparentemente em busca de facilidades na aprendizagem ou melhores oportunidades profissionais.<\/p>\n<p>Vale referir que \u00e9 fundamental o conhecimento da realidade da profiss\u00e3o.\u00a0 Para isso recomendam-se conversa\u00e7\u00f5es com profissionais da \u00e1rea, professores, visitas, etc. Nada disso configura uma perda de tempo, mas sim uma busca com esp\u00edrito de determina\u00e7\u00e3o pela melhor solu\u00e7\u00e3o para o jovem muitas vezes indeciso com a sua escolha.\u00a0 \u00c9 a todo esse processo que se d\u00e1 o nome de <strong>coaching<\/strong>.<\/p>\n<p>Nesse estudo, papel de relevo exerce o contato com as chamadas profiss\u00f5es do futuro ou da moda.\u00a0 \u00c0s vezes, o jovem se deixa levar pelas apar\u00eancias de uma atividade atraente ou bem remunerada, mas a teoria na pr\u00e1tica \u00e9 diferente.\u00a0 Buscar <strong>status<\/strong> ou lucro f\u00e1cil \u00e9 arriscado, podendo levar os alunos a incr\u00edveis frustra\u00e7\u00f5es.<\/p>\n<p>Sabe-se que, hoje em dia, o futuro financeiro \u00e9 um dos pontos de maior preocupa\u00e7\u00e3o dos jovens que escolhem uma profiss\u00e3o.\u00a0 Todos querem ter bons sal\u00e1rios, para garantia de uma vida est\u00e1vel.\u00a0 Mas de acordo com os<strong> coaches<\/strong>, ao abra\u00e7ar uma carreira, \u00e9 preciso ter tamb\u00e9m, como pilar de apoio, algum tipo de envolvimento e afetividade.\u00a0 Ser\u00e1 sempre extremamente dif\u00edcil completar um curso sem esses elementos b\u00e1sicos, raz\u00e3o pela qual, quando se trata de orienta\u00e7\u00e3o profissional, toda cautela \u00e9 necess\u00e1ria.\u00a0 Est\u00e1 em jogo a sua vida \u2013 e nada \u00e9 mais importante.<\/p>\n<p>&nbsp;<\/p>\n<p>&nbsp;<\/p>\n","protected":false},"excerpt":{"rendered":"<p>H\u00e1 palavras que, em determinados per\u00edodos, ganham for\u00e7a extraordin\u00e1ria.\u00a0 Hoje em dia, coaching est\u00e1 na moda e se aplica aos movimentos de orienta\u00e7\u00e3o profissional.\u00a0 Os coaches (treinadores\/orientadores em ingl\u00eas) s\u00e3o respons\u00e1veis por atividades que apontam os melhores caminhos a seguir.\u00a0 Muitas escolas superiores utilizam esse recurso, com trabalhos em grupo ou individuais.\u00a0 S\u00e3o conversas orientadas [&hellip;]<\/p>\n","protected":false},"author":96,"featured_media":96753,"comment_status":"closed","ping_status":"closed","sticky":false,"template":"","format":"standard","meta":{"footnotes":""},"categories":[275],"tags":[],"class_list":["post-108884","post","type-post","status-publish","format-standard","has-post-thumbnail","hentry","category-arnaldo-niskier"],"_links":{"self":[{"href":"https:\/\/diarioregionaldigital.com.br\/index.php?rest_route=\/wp\/v2\/posts\/108884","targetHints":{"allow":["GET"]}}],"collection":[{"href":"https:\/\/diarioregionaldigital.com.br\/index.php?rest_route=\/wp\/v2\/posts"}],"about":[{"href":"https:\/\/diarioregionaldigital.com.br\/index.php?rest_route=\/wp\/v2\/types\/post"}],"author":[{"embeddable":true,"href":"https:\/\/diarioregionaldigital.com.br\/index.php?rest_route=\/wp\/v2\/users\/96"}],"replies":[{"embeddable":true,"href":"https:\/\/diarioregionaldigital.com.br\/index.php?rest_route=%2Fwp%2Fv2%2Fcomments&post=108884"}],"version-history":[{"count":0,"href":"https:\/\/diarioregionaldigital.com.br\/index.php?rest_route=\/wp\/v2\/posts\/108884\/revisions"}],"wp:featuredmedia":[{"embeddable":true,"href":"https:\/\/diarioregionaldigital.com.br\/index.php?rest_route=\/wp\/v2\/media\/96753"}],"wp:attachment":[{"href":"https:\/\/diarioregionaldigital.com.br\/index.php?rest_route=%2Fwp%2Fv2%2Fmedia&parent=108884"}],"wp:term":[{"taxonomy":"category","embeddable":true,"href":"https:\/\/diarioregionaldigital.com.br\/index.php?rest_route=%2Fwp%2Fv2%2Fcategories&post=108884"},{"taxonomy":"post_tag","embeddable":true,"href":"https:\/\/diarioregionaldigital.com.br\/index.php?rest_route=%2Fwp%2Fv2%2Ftags&post=108884"}],"curies":[{"name":"wp","href":"https:\/\/api.w.org\/{rel}","templated":true}]}}