{"id":108883,"date":"2018-06-22T15:59:04","date_gmt":"2018-06-22T18:59:04","guid":{"rendered":"http:\/\/diarioregionaljf.com.br\/?p=108883"},"modified":"2018-06-22T15:59:04","modified_gmt":"2018-06-22T18:59:04","slug":"domingo-no-campus-em-clima-de-copa","status":"publish","type":"post","link":"https:\/\/diarioregionaldigital.com.br\/?p=108883","title":{"rendered":"Domingo no Campus em clima de Copa"},"content":{"rendered":"<p>Neste domingo, 24, a Pra\u00e7a C\u00edvica da Universidade Federal de Juiz de Fora (UFJF) recebe mais uma edi\u00e7\u00e3o do Domingo no Campus. O evento, que acontece das 9h \u00e0s 13h, dessa vez est\u00e1 em ritmo de Copa do Mundo, com anima\u00e7\u00e3o, m\u00fasicas e brincadeiras.<\/p>\n<p>As crian\u00e7as ser\u00e3o estimuladas a fazer desenhos relacionados \u00e0 Copa, e a produzir bandeiras e outros s\u00edmbolos do Brasil. Al\u00e9m disso, a programa\u00e7\u00e3o prev\u00ea pique-bandeira e um torneio de jogo de bot\u00e3o. Os palha\u00e7os Paveta &amp; Ad\u00e3o tamb\u00e9m prometem arrancar muitas risadas do p\u00fablico.<\/p>\n<p>Ainda falando sobre sorrisos, o Programa de Treinamento Profissional Dente da Gente: Educa\u00e7\u00e3o em Sa\u00fade, do curso de Odontologia da UFJF, volta a integrar a equipe, ensinando a melhor maneira de se fazer a higiene bucal.<\/p>\n<p>J\u00e1 a partir das 10h, a Coordena\u00e7\u00e3o de Sa\u00fade, Seguran\u00e7a e Bem-Estar (Cossbe) da Pr\u00f3-reitoria de Gest\u00e3o de Pessoas (Progepe) comemora o Dia Internacional do Yoga, e promove, na Concha Ac\u00fastica, pr\u00e1ticas e reflex\u00f5es, que ser\u00e3o conduzidas pelas instrutoras Fernanda Mazzoni da Costa (Cossbe) e Andrea D\u00b4Amore (Canto de Gaia). As atividades s\u00e3o abertas ao p\u00fablico e a dica para quem quiser participar \u00e9 que levem roupas confort\u00e1veis.<\/p>\n<p>O evento conta ainda com o DJ \u00c1lvaro Capute, que traz um repert\u00f3rio musical para todas as idades e promete muita anima\u00e7\u00e3o. O Domingo no Campus programa tamb\u00e9m v\u00e1rias oficinas, como o projeto demusicaliza\u00e7\u00e3o com o N\u00facleo de Desenvolvimento Musical Funga Alafia, e atividades de materiais recicl\u00e1veis, bordado, gin\u00e1stica e alongamento.<\/p>\n<p>Quem tamb\u00e9m promete uma apresenta\u00e7\u00e3o pra l\u00e1 de especial \u00e9 a Tia Nilc\u00e9a, que deve contar hist\u00f3rias de uma forma diferente, com fantoches e muita participa\u00e7\u00e3o das crian\u00e7as como protagonistas. \u201cOuvir hist\u00f3rias n\u00e3o tem idade. \u00c9 muito legal ver n\u00e3o s\u00f3 crian\u00e7as, como tamb\u00e9m adultos, prestando aten\u00e7\u00e3o e interagindo durante as hist\u00f3rias\u201d, conta Tia Nilc\u00e9a.<\/p>\n<p>&nbsp;<\/p>\n<p>Fonte: Assessoria UFJF<\/p>\n","protected":false},"excerpt":{"rendered":"<p>Neste domingo, 24, a Pra\u00e7a C\u00edvica da Universidade Federal de Juiz de Fora (UFJF) recebe mais uma edi\u00e7\u00e3o do Domingo no Campus. O evento, que acontece das 9h \u00e0s 13h, dessa vez est\u00e1 em ritmo de Copa do Mundo, com anima\u00e7\u00e3o, m\u00fasicas e brincadeiras. As crian\u00e7as ser\u00e3o estimuladas a fazer desenhos relacionados \u00e0 Copa, e [&hellip;]<\/p>\n","protected":false},"author":96,"featured_media":107832,"comment_status":"closed","ping_status":"closed","sticky":false,"template":"","format":"standard","meta":{"footnotes":""},"categories":[253],"tags":[],"class_list":["post-108883","post","type-post","status-publish","format-standard","has-post-thumbnail","hentry","category-cidade"],"_links":{"self":[{"href":"https:\/\/diarioregionaldigital.com.br\/index.php?rest_route=\/wp\/v2\/posts\/108883","targetHints":{"allow":["GET"]}}],"collection":[{"href":"https:\/\/diarioregionaldigital.com.br\/index.php?rest_route=\/wp\/v2\/posts"}],"about":[{"href":"https:\/\/diarioregionaldigital.com.br\/index.php?rest_route=\/wp\/v2\/types\/post"}],"author":[{"embeddable":true,"href":"https:\/\/diarioregionaldigital.com.br\/index.php?rest_route=\/wp\/v2\/users\/96"}],"replies":[{"embeddable":true,"href":"https:\/\/diarioregionaldigital.com.br\/index.php?rest_route=%2Fwp%2Fv2%2Fcomments&post=108883"}],"version-history":[{"count":0,"href":"https:\/\/diarioregionaldigital.com.br\/index.php?rest_route=\/wp\/v2\/posts\/108883\/revisions"}],"wp:featuredmedia":[{"embeddable":true,"href":"https:\/\/diarioregionaldigital.com.br\/index.php?rest_route=\/wp\/v2\/media\/107832"}],"wp:attachment":[{"href":"https:\/\/diarioregionaldigital.com.br\/index.php?rest_route=%2Fwp%2Fv2%2Fmedia&parent=108883"}],"wp:term":[{"taxonomy":"category","embeddable":true,"href":"https:\/\/diarioregionaldigital.com.br\/index.php?rest_route=%2Fwp%2Fv2%2Fcategories&post=108883"},{"taxonomy":"post_tag","embeddable":true,"href":"https:\/\/diarioregionaldigital.com.br\/index.php?rest_route=%2Fwp%2Fv2%2Ftags&post=108883"}],"curies":[{"name":"wp","href":"https:\/\/api.w.org\/{rel}","templated":true}]}}