{"id":108877,"date":"2018-06-22T15:36:26","date_gmt":"2018-06-22T18:36:26","guid":{"rendered":"http:\/\/diarioregionaljf.com.br\/?p=108877"},"modified":"2018-06-22T15:36:26","modified_gmt":"2018-06-22T18:36:26","slug":"estudo-diz-que-e-preciso-ampliar-em-62-os-investimentos-em-saneamento","status":"publish","type":"post","link":"https:\/\/diarioregionaldigital.com.br\/?p=108877","title":{"rendered":"Estudo diz que \u00e9 preciso ampliar em 62% os investimentos em saneamento"},"content":{"rendered":"<p>Estudo da\u00a0Confedera\u00e7\u00e3o Nacional da Ind\u00fastria (CNI), denominado\u00a0<em>Saneamento B\u00e1sico: uma agenda regulat\u00f3ria e institucional<\/em>,\u00a0revela que\u00a0para universalizar os servi\u00e7os at\u00e9\u00a02033, conforme estabelece o Plano Nacional de Saneamento B\u00e1sico (Plansab),\u00a0\u00e9 necess\u00e1rio\u00a0ampliar em 62% o volume de investimentos para um patamar de R$ 21,6 bilh\u00f5es anuais.<\/p>\n<p>De acordo com o estudo, o\u00a0investimento insuficiente\u00a0\u00e9\u00a0o maior vil\u00e3o para a amplia\u00e7\u00e3o da cobertura por redes de esgoto no Brasil. Nos \u00faltimos oito anos, a m\u00e9dia de recursos aportados no setor foi de R$ 13,6 bilh\u00f5es.<\/p>\n<p>O mesmo estudo mostra ainda que o\u00a0servi\u00e7o\u00a0prestado pelas companhias privadas tem mais qualidade que o das p\u00fablicas, e que cada R$ 1 investido d\u00e1 retorno de R$ 2,50 ao setor produtivo. Segundo o documento, a amplia\u00e7\u00e3o das redes resulta em melhorias na sa\u00fade da popula\u00e7\u00e3o.<\/p>\n<h5>Metas<\/h5>\n<p>Na avalia\u00e7\u00e3o da CNI, a meta do Plansab s\u00f3 se tornar\u00e1 poss\u00edvel, caso a agenda de saneamento b\u00e1sico seja prioridade do governo federal .<\/p>\n<p>\u201cCaso sejam mantidos os n\u00edveis recentes de investimento, a universaliza\u00e7\u00e3o dos servi\u00e7os ser\u00e1 atingida apenas ap\u00f3s 2050, com cerca de 20 anos de atraso\u201d, afirmou a diretora de Rela\u00e7\u00f5es Institucionais da CNI, M\u00f4nica Messenberg.\u00a0De acordo com o estudo, a experi\u00eancia internacional sugere que a parceria com o setor privado tem sido fator fundamental para a expans\u00e3o e aumento da qualidade dos servi\u00e7os de saneamento.<\/p>\n<p>As concess\u00f5es e as parcerias p\u00fablico-privadas (PPPs) no setor, no entanto, ainda esbarram em uma s\u00e9rie de resist\u00eancias, a maior parte relacionada aos mitos de que o setor privado s\u00f3 atua em grandes munic\u00edpios e de que as tarifas privadas s\u00e3o significativamente superiores.<\/p>\n<p>\u201c\u00c9 mito a ideia de que a participa\u00e7\u00e3o privada gera aumento significativo das tarifas: o setor privado pratica tarifas de cerca de 11 centavos acima das tarifas observadas nas companhias estaduais\u201d, diz o estudo.<\/p>\n<p>&nbsp;<\/p>\n<p>Fonte: Ag\u00eancia Brasil<\/p>\n","protected":false},"excerpt":{"rendered":"<p>Estudo da\u00a0Confedera\u00e7\u00e3o Nacional da Ind\u00fastria (CNI), denominado\u00a0Saneamento B\u00e1sico: uma agenda regulat\u00f3ria e institucional,\u00a0revela que\u00a0para universalizar os servi\u00e7os at\u00e9\u00a02033, conforme estabelece o Plano Nacional de Saneamento B\u00e1sico (Plansab),\u00a0\u00e9 necess\u00e1rio\u00a0ampliar em 62% o volume de investimentos para um patamar de R$ 21,6 bilh\u00f5es anuais. De acordo com o estudo, o\u00a0investimento insuficiente\u00a0\u00e9\u00a0o maior vil\u00e3o para a amplia\u00e7\u00e3o da [&hellip;]<\/p>\n","protected":false},"author":96,"featured_media":108880,"comment_status":"closed","ping_status":"closed","sticky":false,"template":"","format":"standard","meta":{"footnotes":""},"categories":[302,439],"tags":[],"class_list":["post-108877","post","type-post","status-publish","format-standard","has-post-thumbnail","hentry","category-brasil-mundo","category-ultima-hora"],"_links":{"self":[{"href":"https:\/\/diarioregionaldigital.com.br\/index.php?rest_route=\/wp\/v2\/posts\/108877","targetHints":{"allow":["GET"]}}],"collection":[{"href":"https:\/\/diarioregionaldigital.com.br\/index.php?rest_route=\/wp\/v2\/posts"}],"about":[{"href":"https:\/\/diarioregionaldigital.com.br\/index.php?rest_route=\/wp\/v2\/types\/post"}],"author":[{"embeddable":true,"href":"https:\/\/diarioregionaldigital.com.br\/index.php?rest_route=\/wp\/v2\/users\/96"}],"replies":[{"embeddable":true,"href":"https:\/\/diarioregionaldigital.com.br\/index.php?rest_route=%2Fwp%2Fv2%2Fcomments&post=108877"}],"version-history":[{"count":0,"href":"https:\/\/diarioregionaldigital.com.br\/index.php?rest_route=\/wp\/v2\/posts\/108877\/revisions"}],"wp:featuredmedia":[{"embeddable":true,"href":"https:\/\/diarioregionaldigital.com.br\/index.php?rest_route=\/wp\/v2\/media\/108880"}],"wp:attachment":[{"href":"https:\/\/diarioregionaldigital.com.br\/index.php?rest_route=%2Fwp%2Fv2%2Fmedia&parent=108877"}],"wp:term":[{"taxonomy":"category","embeddable":true,"href":"https:\/\/diarioregionaldigital.com.br\/index.php?rest_route=%2Fwp%2Fv2%2Fcategories&post=108877"},{"taxonomy":"post_tag","embeddable":true,"href":"https:\/\/diarioregionaldigital.com.br\/index.php?rest_route=%2Fwp%2Fv2%2Ftags&post=108877"}],"curies":[{"name":"wp","href":"https:\/\/api.w.org\/{rel}","templated":true}]}}