{"id":108868,"date":"2018-06-22T14:45:24","date_gmt":"2018-06-22T17:45:24","guid":{"rendered":"http:\/\/diarioregionaljf.com.br\/?p=108868"},"modified":"2018-06-22T14:45:24","modified_gmt":"2018-06-22T17:45:24","slug":"pelo-menos-22-candidatos-sao-assassinados-antes-das-eleicoes-no-mexico","status":"publish","type":"post","link":"https:\/\/diarioregionaldigital.com.br\/?p=108868","title":{"rendered":"Pelo menos 22 candidatos s\u00e3o assassinados antes das elei\u00e7\u00f5es no M\u00e9xico"},"content":{"rendered":"<p>A pouco mais de uma semana das elei\u00e7\u00f5es gerais no M\u00e9xico, marcadas para o pr\u00f3ximo dia 1\u00ba, pelo menos 22 candidatos e pr\u00e9-candidatos foram assassinados no pa\u00eds. Em todos os casos, as investiga\u00e7\u00f5es apontam para o crime organizado. No caso do M\u00e9xico, o crime organizado \u00e9 associado diretamente \u00e0 a\u00e7\u00e3o dos cart\u00e9is.<\/p>\n<p>H\u00e1, ainda, informa\u00e7\u00f5es que mais de uma centena de candidatos e pr\u00e9-candidatos sofreram algum tipo de agress\u00e3o. Em meio a dados n\u00e3o confirmados oficialmente, h\u00e1 indica\u00e7\u00f5es que os n\u00fameros de mortes pode chegar a 47.<\/p>\n<p>De acordo com a ag\u00eancia antidrogas dos Estados Unidos (DEA), os cart\u00e9is mexicanos s\u00e3o os principais provedores de drogas para o mercado norte-americano. Em relat\u00f3rio divulgado ano passado, a DEA informou que as organiza\u00e7\u00f5es criminosas multinacionais mexicanas s\u00e3o um desafio.<\/p>\n<p>A presidente do Tribunal Eleitoral do Poder Judicial da Federa\u00e7\u00e3o, Janine Ot\u00e1lora, disse que o crime organizado \u201catua com premedita\u00e7\u00e3o\u201d para decidir o assassinato de quem vai concorrer \u00e0s elei\u00e7\u00f5es. Segundo ela, a viol\u00eancia marca a campanha eleitoral deste ano no M\u00e9xico.<\/p>\n<p>Em 1\u00ba de julho, os mexicanos ir\u00e3o \u00e0s urnas para escolher o presidente da Rep\u00fablica, deputados federais e senadores, al\u00e9m de representantes em 19 departamentos. No M\u00e9xico, o Senado tem 128 assentos e a C\u00e2mara Federal re\u00fane 500 parlamentares.<\/p>\n<p>&nbsp;<\/p>\n<p>Foto: Ag\u00eancia Brasil<\/p>\n","protected":false},"excerpt":{"rendered":"<p>A pouco mais de uma semana das elei\u00e7\u00f5es gerais no M\u00e9xico, marcadas para o pr\u00f3ximo dia 1\u00ba, pelo menos 22 candidatos e pr\u00e9-candidatos foram assassinados no pa\u00eds. Em todos os casos, as investiga\u00e7\u00f5es apontam para o crime organizado. No caso do M\u00e9xico, o crime organizado \u00e9 associado diretamente \u00e0 a\u00e7\u00e3o dos cart\u00e9is. H\u00e1, ainda, informa\u00e7\u00f5es [&hellip;]<\/p>\n","protected":false},"author":96,"featured_media":97709,"comment_status":"closed","ping_status":"closed","sticky":false,"template":"","format":"standard","meta":{"footnotes":""},"categories":[302,436,439],"tags":[],"class_list":["post-108868","post","type-post","status-publish","format-standard","has-post-thumbnail","hentry","category-brasil-mundo","category-destaque-da-semana","category-ultima-hora"],"_links":{"self":[{"href":"https:\/\/diarioregionaldigital.com.br\/index.php?rest_route=\/wp\/v2\/posts\/108868","targetHints":{"allow":["GET"]}}],"collection":[{"href":"https:\/\/diarioregionaldigital.com.br\/index.php?rest_route=\/wp\/v2\/posts"}],"about":[{"href":"https:\/\/diarioregionaldigital.com.br\/index.php?rest_route=\/wp\/v2\/types\/post"}],"author":[{"embeddable":true,"href":"https:\/\/diarioregionaldigital.com.br\/index.php?rest_route=\/wp\/v2\/users\/96"}],"replies":[{"embeddable":true,"href":"https:\/\/diarioregionaldigital.com.br\/index.php?rest_route=%2Fwp%2Fv2%2Fcomments&post=108868"}],"version-history":[{"count":0,"href":"https:\/\/diarioregionaldigital.com.br\/index.php?rest_route=\/wp\/v2\/posts\/108868\/revisions"}],"wp:featuredmedia":[{"embeddable":true,"href":"https:\/\/diarioregionaldigital.com.br\/index.php?rest_route=\/wp\/v2\/media\/97709"}],"wp:attachment":[{"href":"https:\/\/diarioregionaldigital.com.br\/index.php?rest_route=%2Fwp%2Fv2%2Fmedia&parent=108868"}],"wp:term":[{"taxonomy":"category","embeddable":true,"href":"https:\/\/diarioregionaldigital.com.br\/index.php?rest_route=%2Fwp%2Fv2%2Fcategories&post=108868"},{"taxonomy":"post_tag","embeddable":true,"href":"https:\/\/diarioregionaldigital.com.br\/index.php?rest_route=%2Fwp%2Fv2%2Ftags&post=108868"}],"curies":[{"name":"wp","href":"https:\/\/api.w.org\/{rel}","templated":true}]}}