{"id":108858,"date":"2018-06-22T14:08:01","date_gmt":"2018-06-22T17:08:01","guid":{"rendered":"http:\/\/diarioregionaljf.com.br\/?p=108858"},"modified":"2018-06-22T14:08:01","modified_gmt":"2018-06-22T17:08:01","slug":"museu-mariano-procopio-celebra-97-anos-de-sua-inauguracao-oficial","status":"publish","type":"post","link":"https:\/\/diarioregionaldigital.com.br\/?p=108858","title":{"rendered":"Museu \u201cMariano Proc\u00f3pio\u201d celebra 97 anos de sua inaugura\u00e7\u00e3o oficial"},"content":{"rendered":"<p>Neste s\u00e1bado, 23, o Museu \u201cMariano Proc\u00f3pio\u201d celebrar\u00e1 97 anos de sua inaugura\u00e7\u00e3o oficial. Al\u00e9m de importante institui\u00e7\u00e3o cultural e museol\u00f3gica, sua hist\u00f3ria vai al\u00e9m disso, come\u00e7ando pela presen\u00e7a da fam\u00edlia Ferreira Lage em Juiz de Fora e regi\u00e3o. Respons\u00e1vel pela constru\u00e7\u00e3o da Estrada Uni\u00e3o e Ind\u00fastria, o engenheiro e empreendedor Mariano Proc\u00f3pio Ferreira Lage tinha bom relacionamento com o Imperador Dom Pedro II, que aprovou o projeto que possibilitou a liga\u00e7\u00e3o entre as cidades da regi\u00e3o e Petr\u00f3polis. A iniciativa garantiu a explora\u00e7\u00e3o comercial, por 50 anos, da estrada. Al\u00e9m disso, Mariano atuou em outras frentes, sendo considerado empres\u00e1rio influente, destacando-se entre as principais figuras da \u00e9poca.<\/p>\n<p><b>O surgimento do Museu<\/b><\/p>\n<p>A casa de veraneio dos Ferreira Lage, ou \u201cCastelinho\u201d, como alguns gostam de chamar, foi constru\u00edda inicialmente para hospedar o imperador e sua comitiva, durante a inaugura\u00e7\u00e3o da Estrada Uni\u00e3o e Ind\u00fastria, em 1861. Mas o pr\u00e9dio n\u00e3o foi finalizado a tempo, e optou-se em receb\u00ea-los na ch\u00e1cara da fam\u00edlia. Casado com Maria Am\u00e1lia, Mariano Proc\u00f3pio teve tr\u00eas filhos, Alfredo, Elisa e Frederico. Alfredo Ferreira Lage tinha o gosto pelo colecionismo desde cedo, e ao longo de sua vida foi adquirindo obras de artes e itens variados para seu acervo pessoal. Em 1915 j\u00e1 recebia visitantes na Villa. Na \u00e9poca o local era conhecido como \u201cMuseu Ferreira Lage\u201d. Mas a inaugura\u00e7\u00e3o oficial ampliou o n\u00famero de visitantes, e o local passou a contar com outras pessoas para ajudar na visita\u00e7\u00e3o. A data de 23 de junho foi especialmente escolhida por Alfredo para celebrar o centen\u00e1rio de nascimento de seu pai, o comendador Mariano Proc\u00f3pio Ferreira Lage (1821- 1872).<\/p>\n<p>Com o aumento de sua cole\u00e7\u00e3o privada, Alfredo come\u00e7ou a enfrentar desafios vivenciados por outros colecionadores. Al\u00e9m de um espa\u00e7o adequado para acomodar as milhares de pe\u00e7as dos mais variados contextos, ele j\u00e1 se preocupava com o acesso e o resguardo dos objetos, para que, ap\u00f3s sua morte, n\u00e3o se perdessem. A amplia\u00e7\u00e3o do acervo de Alfredo levou \u00e0 constru\u00e7\u00e3o de um pr\u00e9dio anexo, a galeria de belas-artes, inaugurada em 13 de maio de 1922. Trata-se da primeira edifica\u00e7\u00e3o brasileira constru\u00edda com finalidade de ser museu. O planejamento de arte, onde se destacam o lanternim e a claraboia, \u00e9 de Rodolpho Bernardelli.<\/p>\n<p>A institui\u00e7\u00e3o vai al\u00e9m do contexto hist\u00f3rico e cultural. Est\u00e1 na mem\u00f3ria afetiva do juiz-forano, que vem ao local n\u00e3o somente para a aprecia\u00e7\u00e3o das obras de artes, mas aproveitando as possibilidades de todos os espa\u00e7os e ambientes do Museu. Ali s\u00e3o realizados periodicamente eventos dos mais variados, como forma de aproxima\u00e7\u00e3o de todos os p\u00fablicos, n\u00e3o apenas por faixa et\u00e1ria, mas por gostos, com a\u00e7\u00f5es voltadas \u00e0 pr\u00e1tica de esportes, cuidado com a sa\u00fade, m\u00fasica, dan\u00e7a e brincadeiras, dentre outras atividades.<\/p>\n<p>A rela\u00e7\u00e3o de pertencimento com o cidad\u00e3o vai desde a mem\u00f3ria, quando crian\u00e7a, e depois de adulto. A fotografia \u00e9 uma delas: com o registro espont\u00e2neo ou pela produ\u00e7\u00e3o de ensaios fotogr\u00e1ficos, os momentos felizes vividos no local s\u00e3o eternizados. A visita\u00e7\u00e3o \u00e0 Galeria \u201cMaria Am\u00e1lia\u201d, no interior do pr\u00e9dio do Museu, funciona de ter\u00e7a a sexta-feira, de 10 \u00e0s 17 horas, e o parque, de ter\u00e7a a domingo, de 8 \u00e0s 18 horas &#8211; e a partir de 6 horas, para o portadores da carteirinha do \u201cClube da Caminhada\u201d.<\/p>\n<p>&nbsp;<\/p>\n<p>&nbsp;<\/p>\n<p>Fonte: Assessoria PJF<\/p>\n","protected":false},"excerpt":{"rendered":"<p>Neste s\u00e1bado, 23, o Museu \u201cMariano Proc\u00f3pio\u201d celebrar\u00e1 97 anos de sua inaugura\u00e7\u00e3o oficial. Al\u00e9m de importante institui\u00e7\u00e3o cultural e museol\u00f3gica, sua hist\u00f3ria vai al\u00e9m disso, come\u00e7ando pela presen\u00e7a da fam\u00edlia Ferreira Lage em Juiz de Fora e regi\u00e3o. Respons\u00e1vel pela constru\u00e7\u00e3o da Estrada Uni\u00e3o e Ind\u00fastria, o engenheiro e empreendedor Mariano Proc\u00f3pio Ferreira Lage [&hellip;]<\/p>\n","protected":false},"author":96,"featured_media":108859,"comment_status":"closed","ping_status":"closed","sticky":false,"template":"","format":"standard","meta":{"footnotes":""},"categories":[253,439],"tags":[],"class_list":["post-108858","post","type-post","status-publish","format-standard","has-post-thumbnail","hentry","category-cidade","category-ultima-hora"],"_links":{"self":[{"href":"https:\/\/diarioregionaldigital.com.br\/index.php?rest_route=\/wp\/v2\/posts\/108858","targetHints":{"allow":["GET"]}}],"collection":[{"href":"https:\/\/diarioregionaldigital.com.br\/index.php?rest_route=\/wp\/v2\/posts"}],"about":[{"href":"https:\/\/diarioregionaldigital.com.br\/index.php?rest_route=\/wp\/v2\/types\/post"}],"author":[{"embeddable":true,"href":"https:\/\/diarioregionaldigital.com.br\/index.php?rest_route=\/wp\/v2\/users\/96"}],"replies":[{"embeddable":true,"href":"https:\/\/diarioregionaldigital.com.br\/index.php?rest_route=%2Fwp%2Fv2%2Fcomments&post=108858"}],"version-history":[{"count":0,"href":"https:\/\/diarioregionaldigital.com.br\/index.php?rest_route=\/wp\/v2\/posts\/108858\/revisions"}],"wp:featuredmedia":[{"embeddable":true,"href":"https:\/\/diarioregionaldigital.com.br\/index.php?rest_route=\/wp\/v2\/media\/108859"}],"wp:attachment":[{"href":"https:\/\/diarioregionaldigital.com.br\/index.php?rest_route=%2Fwp%2Fv2%2Fmedia&parent=108858"}],"wp:term":[{"taxonomy":"category","embeddable":true,"href":"https:\/\/diarioregionaldigital.com.br\/index.php?rest_route=%2Fwp%2Fv2%2Fcategories&post=108858"},{"taxonomy":"post_tag","embeddable":true,"href":"https:\/\/diarioregionaldigital.com.br\/index.php?rest_route=%2Fwp%2Fv2%2Ftags&post=108858"}],"curies":[{"name":"wp","href":"https:\/\/api.w.org\/{rel}","templated":true}]}}