{"id":108850,"date":"2018-06-22T13:44:02","date_gmt":"2018-06-22T16:44:02","guid":{"rendered":"http:\/\/diarioregionaljf.com.br\/?p=108850"},"modified":"2018-06-22T13:44:02","modified_gmt":"2018-06-22T16:44:02","slug":"oab-anuncia-novo-recurso-contra-cobranca-de-bagagem-em-avioes","status":"publish","type":"post","link":"https:\/\/diarioregionaldigital.com.br\/?p=108850","title":{"rendered":"OAB anuncia novo recurso contra cobran\u00e7a de bagagem em avi\u00f5es"},"content":{"rendered":"<p>A Ordem dos Advogados do Brasil (OAB) anunciou nessa sexta-feira, 22,\u00a0um novo recurso, com pedido de decis\u00e3o liminar (provis\u00f3ria), a fim de interromper a taxa extra de cobran\u00e7a de bagagens pelas companhias a\u00e9reas.<\/p>\n<p>Para o presidente nacional da OAB, Cl\u00e1udio Lamachia, \u201cdesde que a taxa foi colocada em pr\u00e1tica, o consumidor tem sido lesado\u201d.<\/p>\n<p>O novo recurso foi motivado pelo reajuste no valor da taxa, feito recentemente pelas companhias Azul e Gol. Desde que a autoriza\u00e7\u00e3o para a cobran\u00e7a foi anunciada pela Ag\u00eancia Nacional de Avia\u00e7\u00e3o Civil (Anac), a OAB tem atuado para revogar a medida, que considera \u201clesiva\u201d aos consumidores.<\/p>\n<p>A medida chegou a ser suspensa pela Justi\u00e7a Federal em mar\u00e7o do ano passado, mas a decis\u00e3o liminar foi derrubada no m\u00eas seguinte. A OAB quer que uma nova liminar seja concedida enquanto n\u00e3o \u00e9 julgado o m\u00e9rito final da a\u00e7\u00e3o.<\/p>\n<p>A bagagem despachada come\u00e7ou a ser efetivamente cobrada em 1<sup>o\u00a0<\/sup>de junho de 2017. A primeira companhia a cobrar foi a Azul, no valor m\u00ednimo de R$ 30,00 por mala, pre\u00e7o que agora \u00e9 de R$ 60,00.<\/p>\n<p>&nbsp;<\/p>\n<p>&nbsp;<\/p>\n<p>Fonte: Ag\u00eancia Brasil<\/p>\n","protected":false},"excerpt":{"rendered":"<p>A Ordem dos Advogados do Brasil (OAB) anunciou nessa sexta-feira, 22,\u00a0um novo recurso, com pedido de decis\u00e3o liminar (provis\u00f3ria), a fim de interromper a taxa extra de cobran\u00e7a de bagagens pelas companhias a\u00e9reas. Para o presidente nacional da OAB, Cl\u00e1udio Lamachia, \u201cdesde que a taxa foi colocada em pr\u00e1tica, o consumidor tem sido lesado\u201d. O [&hellip;]<\/p>\n","protected":false},"author":96,"featured_media":97709,"comment_status":"closed","ping_status":"closed","sticky":false,"template":"","format":"standard","meta":{"footnotes":""},"categories":[302,439],"tags":[],"class_list":["post-108850","post","type-post","status-publish","format-standard","has-post-thumbnail","hentry","category-brasil-mundo","category-ultima-hora"],"_links":{"self":[{"href":"https:\/\/diarioregionaldigital.com.br\/index.php?rest_route=\/wp\/v2\/posts\/108850","targetHints":{"allow":["GET"]}}],"collection":[{"href":"https:\/\/diarioregionaldigital.com.br\/index.php?rest_route=\/wp\/v2\/posts"}],"about":[{"href":"https:\/\/diarioregionaldigital.com.br\/index.php?rest_route=\/wp\/v2\/types\/post"}],"author":[{"embeddable":true,"href":"https:\/\/diarioregionaldigital.com.br\/index.php?rest_route=\/wp\/v2\/users\/96"}],"replies":[{"embeddable":true,"href":"https:\/\/diarioregionaldigital.com.br\/index.php?rest_route=%2Fwp%2Fv2%2Fcomments&post=108850"}],"version-history":[{"count":0,"href":"https:\/\/diarioregionaldigital.com.br\/index.php?rest_route=\/wp\/v2\/posts\/108850\/revisions"}],"wp:featuredmedia":[{"embeddable":true,"href":"https:\/\/diarioregionaldigital.com.br\/index.php?rest_route=\/wp\/v2\/media\/97709"}],"wp:attachment":[{"href":"https:\/\/diarioregionaldigital.com.br\/index.php?rest_route=%2Fwp%2Fv2%2Fmedia&parent=108850"}],"wp:term":[{"taxonomy":"category","embeddable":true,"href":"https:\/\/diarioregionaldigital.com.br\/index.php?rest_route=%2Fwp%2Fv2%2Fcategories&post=108850"},{"taxonomy":"post_tag","embeddable":true,"href":"https:\/\/diarioregionaldigital.com.br\/index.php?rest_route=%2Fwp%2Fv2%2Ftags&post=108850"}],"curies":[{"name":"wp","href":"https:\/\/api.w.org\/{rel}","templated":true}]}}