{"id":108845,"date":"2018-06-22T11:52:06","date_gmt":"2018-06-22T14:52:06","guid":{"rendered":"http:\/\/diarioregionaljf.com.br\/?p=108845"},"modified":"2018-06-22T11:52:06","modified_gmt":"2018-06-22T14:52:06","slug":"brasil-vence-a-costa-rica-nos-acrescimos-e-garante-a-primeira-vitoria-na-copa","status":"publish","type":"post","link":"https:\/\/diarioregionaldigital.com.br\/?p=108845","title":{"rendered":"Brasil vence a Costa Rica nos acr\u00e9scimos e garante a primeira vit\u00f3ria na Copa"},"content":{"rendered":"<p>O\u00a0Brasil \u00a0venceu a Costa Rica \u00a0por 2 a 0 nesta sexta-feira, 22, \u00a0no est\u00e1dio de S\u00e3o Petersburgo, pela segunda rodada do Grupo E da Copa do Mundo R\u00fassia 2018.<\/p>\n<p>Philippe Coutinho e Neymar \u00a0marcaram os gols da sele\u00e7\u00e3o nos acr\u00e9scimos da etapa final da partida. Tite colocou em campo o mesmo time que jogou contra a Su\u00ed\u00e7a na primeira partida da Copa, trocando o lateral \u2013direito Danilo por Fagner, que foi vetado por uma les\u00e3o muscular no quadril.<\/p>\n<p>Come\u00e7aram a partida: Alisson, Thiago Silva, Miranda e Marcelo;\u00a0 Casemiro, Paulinho, Philippe Coutinho, Willian e Neymar; Gabriel Jesus.<\/p>\n<p>O Brasil teve 69% da posse de bola e pressionou o jogo todo, teve um p\u00eanalti a favor anulado pelo VAR, mas n\u00e3o conseguiu finalizar as jogadas de ataque contra os costarriquenhos.<\/p>\n<p>O primeiro gol veio apenas aos 45 do segundo tempo, em boa tabela na \u00e1rea, que terminou com um gol de biquinho de Coutinho. Os segundo, nos acr\u00e9scimos, foi em jogada de contra-ataque, que terminou com Douglas Costa, que entrou muito bem no segundo tempo, cruzando para\u00a0 Neymar, livre, marcar seu primeiro gol no Mundial, o quinto em Copas do Mundo.<\/p>\n<p>Com a primeira vit\u00f3ria do Brasil. A Costa Rica est\u00e1 em \u00faltimo lugar no Grupo E. Perdeu por 1 a 0 para a S\u00e9rvia na estreia, gol de Kolarov. O Brasil, por sua vez, decepcionou em seu primeiro jogo, marcando primeiro com Coutinho, mas sofrendo \u00a0o empate em pol\u00eamico gol\u00a0de Zuber.<\/p>\n","protected":false},"excerpt":{"rendered":"<p>O\u00a0Brasil \u00a0venceu a Costa Rica \u00a0por 2 a 0 nesta sexta-feira, 22, \u00a0no est\u00e1dio de S\u00e3o Petersburgo, pela segunda rodada do Grupo E da Copa do Mundo R\u00fassia 2018. Philippe Coutinho e Neymar \u00a0marcaram os gols da sele\u00e7\u00e3o nos acr\u00e9scimos da etapa final da partida. Tite colocou em campo o mesmo time que jogou contra [&hellip;]<\/p>\n","protected":false},"author":96,"featured_media":108846,"comment_status":"closed","ping_status":"closed","sticky":false,"template":"","format":"standard","meta":{"footnotes":""},"categories":[257,439],"tags":[],"class_list":["post-108845","post","type-post","status-publish","format-standard","has-post-thumbnail","hentry","category-esporte","category-ultima-hora"],"_links":{"self":[{"href":"https:\/\/diarioregionaldigital.com.br\/index.php?rest_route=\/wp\/v2\/posts\/108845","targetHints":{"allow":["GET"]}}],"collection":[{"href":"https:\/\/diarioregionaldigital.com.br\/index.php?rest_route=\/wp\/v2\/posts"}],"about":[{"href":"https:\/\/diarioregionaldigital.com.br\/index.php?rest_route=\/wp\/v2\/types\/post"}],"author":[{"embeddable":true,"href":"https:\/\/diarioregionaldigital.com.br\/index.php?rest_route=\/wp\/v2\/users\/96"}],"replies":[{"embeddable":true,"href":"https:\/\/diarioregionaldigital.com.br\/index.php?rest_route=%2Fwp%2Fv2%2Fcomments&post=108845"}],"version-history":[{"count":0,"href":"https:\/\/diarioregionaldigital.com.br\/index.php?rest_route=\/wp\/v2\/posts\/108845\/revisions"}],"wp:featuredmedia":[{"embeddable":true,"href":"https:\/\/diarioregionaldigital.com.br\/index.php?rest_route=\/wp\/v2\/media\/108846"}],"wp:attachment":[{"href":"https:\/\/diarioregionaldigital.com.br\/index.php?rest_route=%2Fwp%2Fv2%2Fmedia&parent=108845"}],"wp:term":[{"taxonomy":"category","embeddable":true,"href":"https:\/\/diarioregionaldigital.com.br\/index.php?rest_route=%2Fwp%2Fv2%2Fcategories&post=108845"},{"taxonomy":"post_tag","embeddable":true,"href":"https:\/\/diarioregionaldigital.com.br\/index.php?rest_route=%2Fwp%2Fv2%2Ftags&post=108845"}],"curies":[{"name":"wp","href":"https:\/\/api.w.org\/{rel}","templated":true}]}}