{"id":108834,"date":"2018-06-22T08:23:44","date_gmt":"2018-06-22T11:23:44","guid":{"rendered":"http:\/\/diarioregionaljf.com.br\/?p=108834"},"modified":"2018-06-22T08:24:28","modified_gmt":"2018-06-22T11:24:28","slug":"trio-assalto-onibus-coletivo-no-cidade-do-sol","status":"publish","type":"post","link":"https:\/\/diarioregionaldigital.com.br\/?p=108834","title":{"rendered":"Trio assalto \u00f4nibus coletivo no Cidade do Sol"},"content":{"rendered":"<p>Tr\u00eas indiv\u00edduos, simulando estar armados, roubaram um \u00f4nibus do transporte coletivo urbano no bairro Cidade do Sol, zona Norte, na noite dessa quinta-feira, 21.<\/p>\n<p>De acordo com o registro da ocorr\u00eancia na Pol\u00edcia Militar (PM), o trocador, um rapaz de 26 anos, relatou que os autores entraram no \u00f4nibus na Avenida JK e anunciaram o assalto. Um deles estaria com o rosto coberto por uma touca ninja.<\/p>\n<p>Os assaltantes roubaram R$90 do caixa do \u00f4nibus e fugiram.<\/p>\n","protected":false},"excerpt":{"rendered":"<p>Tr\u00eas indiv\u00edduos, simulando estar armados, roubaram um \u00f4nibus do transporte coletivo urbano no bairro Cidade do Sol, zona Norte, na noite dessa quinta-feira, 21. De acordo com o registro da ocorr\u00eancia na Pol\u00edcia Militar (PM), o trocador, um rapaz de 26 anos, relatou que os autores entraram no \u00f4nibus na Avenida JK e anunciaram o [&hellip;]<\/p>\n","protected":false},"author":96,"featured_media":95836,"comment_status":"closed","ping_status":"closed","sticky":false,"template":"","format":"standard","meta":{"footnotes":""},"categories":[301,439],"tags":[],"class_list":["post-108834","post","type-post","status-publish","format-standard","has-post-thumbnail","hentry","category-artigos-policiais","category-ultima-hora"],"_links":{"self":[{"href":"https:\/\/diarioregionaldigital.com.br\/index.php?rest_route=\/wp\/v2\/posts\/108834","targetHints":{"allow":["GET"]}}],"collection":[{"href":"https:\/\/diarioregionaldigital.com.br\/index.php?rest_route=\/wp\/v2\/posts"}],"about":[{"href":"https:\/\/diarioregionaldigital.com.br\/index.php?rest_route=\/wp\/v2\/types\/post"}],"author":[{"embeddable":true,"href":"https:\/\/diarioregionaldigital.com.br\/index.php?rest_route=\/wp\/v2\/users\/96"}],"replies":[{"embeddable":true,"href":"https:\/\/diarioregionaldigital.com.br\/index.php?rest_route=%2Fwp%2Fv2%2Fcomments&post=108834"}],"version-history":[{"count":0,"href":"https:\/\/diarioregionaldigital.com.br\/index.php?rest_route=\/wp\/v2\/posts\/108834\/revisions"}],"wp:featuredmedia":[{"embeddable":true,"href":"https:\/\/diarioregionaldigital.com.br\/index.php?rest_route=\/wp\/v2\/media\/95836"}],"wp:attachment":[{"href":"https:\/\/diarioregionaldigital.com.br\/index.php?rest_route=%2Fwp%2Fv2%2Fmedia&parent=108834"}],"wp:term":[{"taxonomy":"category","embeddable":true,"href":"https:\/\/diarioregionaldigital.com.br\/index.php?rest_route=%2Fwp%2Fv2%2Fcategories&post=108834"},{"taxonomy":"post_tag","embeddable":true,"href":"https:\/\/diarioregionaldigital.com.br\/index.php?rest_route=%2Fwp%2Fv2%2Ftags&post=108834"}],"curies":[{"name":"wp","href":"https:\/\/api.w.org\/{rel}","templated":true}]}}