{"id":108831,"date":"2018-06-22T08:06:52","date_gmt":"2018-06-22T11:06:52","guid":{"rendered":"http:\/\/diarioregionaljf.com.br\/?p=108831"},"modified":"2018-06-22T08:07:15","modified_gmt":"2018-06-22T11:07:15","slug":"uma-surpresa-para-benedita-invade-os-palcos-do-diversao-em-cena-arcelormittal","status":"publish","type":"post","link":"https:\/\/diarioregionaldigital.com.br\/?p=108831","title":{"rendered":"\u201cUma Surpresa para Benedita\u201d invade os palcos do Divers\u00e3o em Cena ArcelorMittal"},"content":{"rendered":"<p>Ap\u00f3s a parada da semana passada em fun\u00e7\u00e3o da estreia do Brasil na Copa do Mundo, na R\u00fassia, a programa\u00e7\u00e3o do Divers\u00e3o em Cena ArcelorMittal retorna com a montagem \u2018Uma Surpresa para Benedita\u2019, do Grupo Trampulim. A pe\u00e7a ser\u00e1 encenada no dia 24 de junho (domingo), \u00e0s 16h, no Teatro Solar, em Juiz de Fora. A companhia apresenta os palha\u00e7os Benedita Jacarand\u00e1 e Sabonete e promete muita divers\u00e3o para o fim de semana.<\/p>\n<p>O espet\u00e1culo mostra a saga do palha\u00e7o Sabonete, que decide preparar uma surpresa para Benedita, sua grande companheira. Em meio a uma grande confus\u00e3o, a hist\u00f3ria toma rumos inesperados. Abordando as rela\u00e7\u00f5es de amor e amizade, o espet\u00e1culo fala do cotidiano de maneira bem-humorada e repleta de surpresas para a plateia.<\/p>\n<p>Considerado o maior programa nacional de forma\u00e7\u00e3o de p\u00fablico infantil no Brasil, o Divers\u00e3o em Cena ArcelorMittal \u00e9 viabilizado por meio da Lei Estadual de Incentivo \u00e0 Cultura e tem o objetivo de contribuir para a forma\u00e7\u00e3o de p\u00fablico para teatro, oferecendo espet\u00e1culos de qualidade. Em uma maratona cultural, o projeto traz a Juiz de Fora, at\u00e9 novembro, uma programa\u00e7\u00e3o com espet\u00e1culos infantis todos os domingos. A agenda completa est\u00e1 dispon\u00edvel no site <a href=\"http:\/\/www.famb.org.br\" target=\"_blank\" rel=\"noopener\">www.famb.org.br<\/a>.<\/p>\n<p>&nbsp;<\/p>\n<p>DIVERS\u00c3O EM CENA ARCELORMITTAL<\/p>\n<p><strong>\u2018Uma surpresa para Benedita\u2019<\/strong><\/p>\n<p>Data: 24 de junho &#8211; Domingo<\/p>\n<p>Hor\u00e1rio: 16h<\/p>\n<p>Local: Teatro Solar | Av. Presidente Itamar Franco, n\u00ba 2104 &#8211; S\u00e3o Mateus &#8211; Juiz de Fora, MG<\/p>\n<p>Sugest\u00e3o Et\u00e1ria: A partir de 4 anos<\/p>\n<p>Entrada gratuita<\/p>\n<p>&nbsp;<\/p>\n<p>Fonte: Assessoria<\/p>\n","protected":false},"excerpt":{"rendered":"<p>Ap\u00f3s a parada da semana passada em fun\u00e7\u00e3o da estreia do Brasil na Copa do Mundo, na R\u00fassia, a programa\u00e7\u00e3o do Divers\u00e3o em Cena ArcelorMittal retorna com a montagem \u2018Uma Surpresa para Benedita\u2019, do Grupo Trampulim. A pe\u00e7a ser\u00e1 encenada no dia 24 de junho (domingo), \u00e0s 16h, no Teatro Solar, em Juiz de Fora. [&hellip;]<\/p>\n","protected":false},"author":96,"featured_media":108832,"comment_status":"closed","ping_status":"closed","sticky":false,"template":"","format":"standard","meta":{"footnotes":""},"categories":[256,439],"tags":[],"class_list":["post-108831","post","type-post","status-publish","format-standard","has-post-thumbnail","hentry","category-cultura","category-ultima-hora"],"_links":{"self":[{"href":"https:\/\/diarioregionaldigital.com.br\/index.php?rest_route=\/wp\/v2\/posts\/108831","targetHints":{"allow":["GET"]}}],"collection":[{"href":"https:\/\/diarioregionaldigital.com.br\/index.php?rest_route=\/wp\/v2\/posts"}],"about":[{"href":"https:\/\/diarioregionaldigital.com.br\/index.php?rest_route=\/wp\/v2\/types\/post"}],"author":[{"embeddable":true,"href":"https:\/\/diarioregionaldigital.com.br\/index.php?rest_route=\/wp\/v2\/users\/96"}],"replies":[{"embeddable":true,"href":"https:\/\/diarioregionaldigital.com.br\/index.php?rest_route=%2Fwp%2Fv2%2Fcomments&post=108831"}],"version-history":[{"count":0,"href":"https:\/\/diarioregionaldigital.com.br\/index.php?rest_route=\/wp\/v2\/posts\/108831\/revisions"}],"wp:featuredmedia":[{"embeddable":true,"href":"https:\/\/diarioregionaldigital.com.br\/index.php?rest_route=\/wp\/v2\/media\/108832"}],"wp:attachment":[{"href":"https:\/\/diarioregionaldigital.com.br\/index.php?rest_route=%2Fwp%2Fv2%2Fmedia&parent=108831"}],"wp:term":[{"taxonomy":"category","embeddable":true,"href":"https:\/\/diarioregionaldigital.com.br\/index.php?rest_route=%2Fwp%2Fv2%2Fcategories&post=108831"},{"taxonomy":"post_tag","embeddable":true,"href":"https:\/\/diarioregionaldigital.com.br\/index.php?rest_route=%2Fwp%2Fv2%2Ftags&post=108831"}],"curies":[{"name":"wp","href":"https:\/\/api.w.org\/{rel}","templated":true}]}}