{"id":108821,"date":"2018-06-21T19:53:25","date_gmt":"2018-06-21T22:53:25","guid":{"rendered":"http:\/\/diarioregionaljf.com.br\/?p=108821"},"modified":"2018-06-21T19:53:25","modified_gmt":"2018-06-21T22:53:25","slug":"mrs-alerta-sobre-imprudencias-cometidas-em-passagens-de-nivel","status":"publish","type":"post","link":"https:\/\/diarioregionaldigital.com.br\/?p=108821","title":{"rendered":"MRS alerta sobre imprud\u00eancias cometidas em passagens de n\u00edvel"},"content":{"rendered":"<p>A MRS log\u00edstica divulgou nessa quinta-feira, 21, informa\u00e7\u00f5es sobre um acidente ocorrido no \u00faltimo dia 12 de junho para ressaltar e redobrar as orienta\u00e7\u00f5es para motoristas e pedestres que circulam de forma imprudente pelas passagens de n\u00edvel por toda a concess\u00e3o da empresa.<\/p>\n<p>No \u00faltimo dia 12, um acidente envolvendo um ve\u00edculo e um trem acabou levando o condutor do ve\u00edculo a uma pris\u00e3o em flagrante, por conduzir sem a habilita\u00e7\u00e3o. O choque se deu em uma passagem em n\u00edvel na cidade de Ewbank da C\u00e2mara, cerca de 40 km de Juiz de Fora e levou \u00e0 destrui\u00e7\u00e3o completa do ve\u00edculo, que tamb\u00e9m estava em condi\u00e7\u00e3o irregular, com licenciamento atrasado desde 2013. O condutor, que estava a servi\u00e7o e foi levado pela Pol\u00edcia Militar (PM) a uma delegacia em Barbacena, n\u00e3o se feriu, por pura sorte.<\/p>\n<p>A PM conseguiu determinar que o condutor n\u00e3o parou o ve\u00edculo antes da faixa de reten\u00e7\u00e3o de cruzamento com a ferrovia, como estipula o artigo 212 do C\u00f3digo de Tr\u00e2nsito Brasileiro. O condutor realizou o cruzamento de forma imprudente, provocando o abalroamento e causando danos tanto ao seu ve\u00edculo \u2013 perda total \u2013 quanto a alguns dispositivos de sinaliza\u00e7\u00e3o da ferrovia.<\/p>\n<p>\u201cFoi um acidente muito s\u00e9rio, que poderia ter provocado danos ao pr\u00f3prio condutor, al\u00e9m do estrago material\u201d, avalia M\u00e1rcio Barizon, coordenador de seguran\u00e7a patrimonial da MRS para a regi\u00e3o. \u201c\u00c9 uma grande sucess\u00e3o de m\u00e1s escolhas, a come\u00e7ar pelo fato de o motorista nem o ve\u00edculo estarem devidamente habilitados para circula\u00e7\u00e3o. Lament\u00e1vel\u201d, afirmou.<\/p>\n<p>Como procedimentos de praxe, a MRS ir\u00e1 esgotar as investiga\u00e7\u00f5es, embora n\u00e3o haja d\u00favidas sobre a influ\u00eancia de comportamento indevido neste caso, e ir\u00e1 avaliar os danos provocados \u00e0 sinaliza\u00e7\u00e3o. Um dos desdobramentos poss\u00edveis \u00e9 o acionamento, em esfera judicial, dos respons\u00e1veis pelo acidente, tanto para reconstituir as condi\u00e7\u00f5es seguras da ferrovia como por medida de car\u00e1ter educativo e de conscientiza\u00e7\u00e3o.<\/p>\n","protected":false},"excerpt":{"rendered":"<p>A MRS log\u00edstica divulgou nessa quinta-feira, 21, informa\u00e7\u00f5es sobre um acidente ocorrido no \u00faltimo dia 12 de junho para ressaltar e redobrar as orienta\u00e7\u00f5es para motoristas e pedestres que circulam de forma imprudente pelas passagens de n\u00edvel por toda a concess\u00e3o da empresa. No \u00faltimo dia 12, um acidente envolvendo um ve\u00edculo e um trem [&hellip;]<\/p>\n","protected":false},"author":96,"featured_media":108822,"comment_status":"closed","ping_status":"closed","sticky":false,"template":"","format":"standard","meta":{"footnotes":""},"categories":[253,439],"tags":[],"class_list":["post-108821","post","type-post","status-publish","format-standard","has-post-thumbnail","hentry","category-cidade","category-ultima-hora"],"_links":{"self":[{"href":"https:\/\/diarioregionaldigital.com.br\/index.php?rest_route=\/wp\/v2\/posts\/108821","targetHints":{"allow":["GET"]}}],"collection":[{"href":"https:\/\/diarioregionaldigital.com.br\/index.php?rest_route=\/wp\/v2\/posts"}],"about":[{"href":"https:\/\/diarioregionaldigital.com.br\/index.php?rest_route=\/wp\/v2\/types\/post"}],"author":[{"embeddable":true,"href":"https:\/\/diarioregionaldigital.com.br\/index.php?rest_route=\/wp\/v2\/users\/96"}],"replies":[{"embeddable":true,"href":"https:\/\/diarioregionaldigital.com.br\/index.php?rest_route=%2Fwp%2Fv2%2Fcomments&post=108821"}],"version-history":[{"count":0,"href":"https:\/\/diarioregionaldigital.com.br\/index.php?rest_route=\/wp\/v2\/posts\/108821\/revisions"}],"wp:featuredmedia":[{"embeddable":true,"href":"https:\/\/diarioregionaldigital.com.br\/index.php?rest_route=\/wp\/v2\/media\/108822"}],"wp:attachment":[{"href":"https:\/\/diarioregionaldigital.com.br\/index.php?rest_route=%2Fwp%2Fv2%2Fmedia&parent=108821"}],"wp:term":[{"taxonomy":"category","embeddable":true,"href":"https:\/\/diarioregionaldigital.com.br\/index.php?rest_route=%2Fwp%2Fv2%2Fcategories&post=108821"},{"taxonomy":"post_tag","embeddable":true,"href":"https:\/\/diarioregionaldigital.com.br\/index.php?rest_route=%2Fwp%2Fv2%2Ftags&post=108821"}],"curies":[{"name":"wp","href":"https:\/\/api.w.org\/{rel}","templated":true}]}}