{"id":108818,"date":"2018-06-21T19:48:13","date_gmt":"2018-06-21T22:48:13","guid":{"rendered":"http:\/\/diarioregionaljf.com.br\/?p=108818"},"modified":"2018-06-21T19:48:13","modified_gmt":"2018-06-21T22:48:13","slug":"prefeito-assina-ordem-de-servico-para-construcao-da-alca-do-viaduto-augusto-franco","status":"publish","type":"post","link":"https:\/\/diarioregionaldigital.com.br\/?p=108818","title":{"rendered":"Prefeito assina ordem de servi\u00e7o para constru\u00e7\u00e3o da al\u00e7a do Viaduto Augusto Franco"},"content":{"rendered":"<p>O prefeito Ant\u00f4nio Almas assinou nessa quinta-feira, 21, no Audit\u00f3rio Ferrovi\u00e1rio, na Avenida Brasil, o termo de ordem de servi\u00e7o para o in\u00edcio das obras da al\u00e7a do Viaduto Augusto Franco. A cerim\u00f4nia contou com a participa\u00e7\u00e3o de muitos representantes de diversos \u00f3rg\u00e3os da cidade, incluindo o representante da Empresa Paineira Engenharia Ltda., que est\u00e1 encarregada pela execu\u00e7\u00e3o do projeto.<\/p>\n<p>O objetivo da obra \u00e9 facilitar o acesso \u00e0 Avenida Francisco Bernardino, para quem vem da Avenida Brasil, e aliviar o tr\u00e2nsito na Pra\u00e7a Ant\u00f4nio Carlos, sendo que, a partir de agora, os motoristas passariam a usar a al\u00e7a para chegar \u00e0 Rua \u00c2ngelo Falci e, consequentemente, \u00e0 Avenida Francisco Bernardino. O prefeito ressaltou tamb\u00e9m que, al\u00e9m disso, a obra faz parte do conv\u00eanio de elimina\u00e7\u00e3o de interfer\u00eancias rodoferrovi\u00e1rias do munic\u00edpio.<\/p>\n<p>Em seu discurso, o prefeito destacou que o projeto j\u00e1 vinha sendo pensado em outras gest\u00f5es e que, agora, est\u00e1 sendo concretizado. \u201cO an\u00fancio da al\u00e7a \u00e9 mais um dos projetos que acompanha os grandes projetos de altera\u00e7\u00e3o vi\u00e1ria de transposi\u00e7\u00e3o da linha f\u00e9rrea, em Juiz de Fora. Ent\u00e3o, s\u00e3o grandes an\u00fancios que hoje a gente traz, tendo em vista que j\u00e1 faziam parte de uma composi\u00e7\u00e3o de um processo de um projeto elaborado l\u00e1 tr\u00e1s, no governo do prefeito Cust\u00f3dio Matos, tendo a sua execu\u00e7\u00e3o de grande parte desse projeto j\u00e1 realizado no governo do prefeito Bruno Siqueira e que, agora, a gente pretende levar mais uma fase deste projeto com essas novas realiza\u00e7\u00f5es\u201d, informou.<\/p>\n<p>Com os recursos do Departamento Nacional de Infraestrutura de Transportes (Dnit), juntamente com a contrapartida da Prefeitura de Juiz de Fora, a Empresa Paineira Engenharia Ltda., de Belo Horizonte, que ganhou a licita\u00e7\u00e3o da obra, or\u00e7amentou o projeto em R$4,200 milh\u00f5es e ficou respons\u00e1vel por entregar o projeto em oito meses. As obras est\u00e3o marcadas para terem in\u00edcio nesta segunda-feira, 25, mas algumas provid\u00eancias j\u00e1 foram tomadas antes mesmo dela come\u00e7ar.<\/p>\n<p>De acordo com o Diretor da empresa, Leonardo Dornas Ferreira, o prazo n\u00e3o vai ser um dos problemas, j\u00e1 que o projeto j\u00e1 vem sendo estudado h\u00e1 algum tempo juntamente com a prefeitura. \u201c\u00c9 um prazo totalmente plaus\u00edvel de ser cumprido. No nosso planejamento, os oito meses atendem. Como \u00e9 uma obra rodovi\u00e1ria e ferrovi\u00e1ria, temos interfer\u00eancias da pr\u00f3pria ferrovia, interfer\u00eancias do tr\u00e2nsito, a gente p\u00f4de fazer um planejamento bem antecipado. J\u00e1 reunimos as partes todas do MRS, a Secretaria de Tr\u00e2nsito, n\u00f3s reunimos a secretaria de Obra. J\u00e1 fizemos reuni\u00f5es antes mesmo do in\u00edcio da obra e a tend\u00eancia \u00e9 que se cumpra o prazo de oito meses, mas na nossa estrat\u00e9gia, h\u00e1 a possibilidade de antecipa\u00e7\u00e3o\u201d, ressaltou.<\/p>\n<p><strong>Tr\u00e2nsito\u00a0 <\/strong><\/p>\n<p>Uma das quest\u00f5es levantadas no evento foi se haveria interfer\u00eancia no tr\u00e1fego urbano, durante o per\u00edodo da constru\u00e7\u00e3o. Em resposta, Ferreira disse que a princ\u00edpio, n\u00e3o haver\u00e1 problemas. A mudan\u00e7a pode acontecer no final da obra, quando ser\u00e1 ligada a al\u00e7a com a Rua \u00c2ngelo Falci. \u201cN\u00f3s vamos trabalhar em uma \u00e1rea confinada, entre o muro da Rua \u00c2ngelo Falci e a ferrovia MRS, n\u00f3s estaremos trabalhando mais do lado de dentro da ferrovia. Ent\u00e3o, a maior parte do servi\u00e7o vai contar com a interfer\u00eancia da pr\u00f3pria ferrovia, e n\u00e3o do tr\u00e2nsito. Por\u00e9m, na hora de interligar o final da al\u00e7a com a Rua \u00c2ngelo Falci, n\u00f3s teremos que fazer um trabalho junto com a prefeitura, a Secretaria de Obras e a Secretaria de Tr\u00e2nsito\u201d, informou.<\/p>\n<p>&nbsp;<\/p>\n<p>&nbsp;<\/p>\n","protected":false},"excerpt":{"rendered":"<p>O prefeito Ant\u00f4nio Almas assinou nessa quinta-feira, 21, no Audit\u00f3rio Ferrovi\u00e1rio, na Avenida Brasil, o termo de ordem de servi\u00e7o para o in\u00edcio das obras da al\u00e7a do Viaduto Augusto Franco. A cerim\u00f4nia contou com a participa\u00e7\u00e3o de muitos representantes de diversos \u00f3rg\u00e3os da cidade, incluindo o representante da Empresa Paineira Engenharia Ltda., que est\u00e1 [&hellip;]<\/p>\n","protected":false},"author":96,"featured_media":108819,"comment_status":"closed","ping_status":"closed","sticky":false,"template":"","format":"standard","meta":{"footnotes":""},"categories":[253,440,439],"tags":[],"class_list":["post-108818","post","type-post","status-publish","format-standard","has-post-thumbnail","hentry","category-cidade","category-destaques-do-dia","category-ultima-hora"],"_links":{"self":[{"href":"https:\/\/diarioregionaldigital.com.br\/index.php?rest_route=\/wp\/v2\/posts\/108818","targetHints":{"allow":["GET"]}}],"collection":[{"href":"https:\/\/diarioregionaldigital.com.br\/index.php?rest_route=\/wp\/v2\/posts"}],"about":[{"href":"https:\/\/diarioregionaldigital.com.br\/index.php?rest_route=\/wp\/v2\/types\/post"}],"author":[{"embeddable":true,"href":"https:\/\/diarioregionaldigital.com.br\/index.php?rest_route=\/wp\/v2\/users\/96"}],"replies":[{"embeddable":true,"href":"https:\/\/diarioregionaldigital.com.br\/index.php?rest_route=%2Fwp%2Fv2%2Fcomments&post=108818"}],"version-history":[{"count":0,"href":"https:\/\/diarioregionaldigital.com.br\/index.php?rest_route=\/wp\/v2\/posts\/108818\/revisions"}],"wp:featuredmedia":[{"embeddable":true,"href":"https:\/\/diarioregionaldigital.com.br\/index.php?rest_route=\/wp\/v2\/media\/108819"}],"wp:attachment":[{"href":"https:\/\/diarioregionaldigital.com.br\/index.php?rest_route=%2Fwp%2Fv2%2Fmedia&parent=108818"}],"wp:term":[{"taxonomy":"category","embeddable":true,"href":"https:\/\/diarioregionaldigital.com.br\/index.php?rest_route=%2Fwp%2Fv2%2Fcategories&post=108818"},{"taxonomy":"post_tag","embeddable":true,"href":"https:\/\/diarioregionaldigital.com.br\/index.php?rest_route=%2Fwp%2Fv2%2Ftags&post=108818"}],"curies":[{"name":"wp","href":"https:\/\/api.w.org\/{rel}","templated":true}]}}