{"id":108795,"date":"2018-06-22T06:00:24","date_gmt":"2018-06-22T09:00:24","guid":{"rendered":"http:\/\/diarioregionaljf.com.br\/?p=108795"},"modified":"2018-06-21T17:28:46","modified_gmt":"2018-06-21T20:28:46","slug":"brasillll","status":"publish","type":"post","link":"https:\/\/diarioregionaldigital.com.br\/?p=108795","title":{"rendered":"Brasillll&#8230;."},"content":{"rendered":"<p style=\"text-align: center;\"><strong>Cores do Brasil<\/strong><\/p>\n<p style=\"text-align: center;\">Em tempo de Copa do Mundo de Futebol, o Museu Mariano Proc\u00f3pio est\u00e1 enfeitado com faixas verde\/amarelo na fachada do solar. \u00c9 bom lembrar que em 1970, ap\u00f3s a conquista do tri no M\u00e9xico, a Ta\u00e7a Jules Rimet ficou exposta por tr\u00eas dias no museu, a pedido do ent\u00e3o prefeito Itamar Franco.<\/p>\n<p style=\"text-align: center;\"><strong>Fraternidade<\/strong><\/p>\n<p style=\"text-align: center;\">Em boa hora, a ONG Engenheiros Sem Fronteiras arrecada materiais de higiene pessoal para os assistidos do Haiti. Os donativos podem ser entregues at\u00e9 amanh\u00e3 (s\u00e1bado), na Faculdade de Engenharia da UFJF.<\/p>\n<p style=\"text-align: center;\"><strong>Copa do Mundo<\/strong><\/p>\n<p style=\"text-align: center;\">Um pa\u00eds apaixonado por futebol. Beirando o fanatismo. Impondo perplexidade aos outros povos quando paramos a na\u00e7\u00e3o nos jogos da sele\u00e7\u00e3o brasileira. Sonho de gera\u00e7\u00f5es de meninos apaixonados por seus \u00eddolos. Nesta Copa captamos no ar um des\u00e2nimo estranho do pa\u00eds da chuteira, sinal claro da insatisfa\u00e7\u00e3o nas condi\u00e7\u00f5es de sobreviv\u00eancia do povo brasileiro. Maturidade pol\u00edtica, com um cotidiano de pen\u00faria em todos os setores da sociedade. Falei e disse.<\/p>\n<p style=\"text-align: center;\"><span style=\"font-size: 14pt;\"><strong>Brasillll..<\/strong><\/span><\/p>\n<p style=\"text-align: center;\">Hoje este colunista re\u00fane gente linda que estiveram nos quatro cantos da cidade e outras regi\u00f5es torcendo pelo Brasil na Copa do Mundo de Futebol. Eles s\u00e3o not\u00edcia em verde e amarelo. Confiram:<\/p>\n<p>&nbsp;<\/p>\n<div id=\"attachment_108763\" style=\"width: 690px\" class=\"wp-caption aligncenter\"><img loading=\"lazy\" decoding=\"async\" aria-describedby=\"caption-attachment-108763\" class=\"wp-image-108763\" src=\"http:\/\/diarioregionaljf.com.br\/wp-content\/uploads\/2018\/06\/fotoa-10.jpg\" alt=\"\" width=\"680\" height=\"510\" srcset=\"https:\/\/diarioregionaldigital.com.br\/wp-content\/uploads\/2018\/06\/fotoa-10.jpg 960w, https:\/\/diarioregionaldigital.com.br\/wp-content\/uploads\/2018\/06\/fotoa-10-300x225.jpg 300w, https:\/\/diarioregionaldigital.com.br\/wp-content\/uploads\/2018\/06\/fotoa-10-768x576.jpg 768w, https:\/\/diarioregionaldigital.com.br\/wp-content\/uploads\/2018\/06\/fotoa-10-360x270.jpg 360w\" sizes=\"auto, (max-width: 680px) 100vw, 680px\" \/><p id=\"caption-attachment-108763\" class=\"wp-caption-text\">No Capit\u00f3lio, Eduardo Gomes, Mauro Cruz e Marc\u00edlio Gomes<\/p><\/div>\n<div id=\"attachment_108765\" style=\"width: 690px\" class=\"wp-caption aligncenter\"><img loading=\"lazy\" decoding=\"async\" aria-describedby=\"caption-attachment-108765\" class=\"wp-image-108765\" src=\"http:\/\/diarioregionaljf.com.br\/wp-content\/uploads\/2018\/06\/fotob-12.jpg\" alt=\"\" width=\"680\" height=\"452\" srcset=\"https:\/\/diarioregionaldigital.com.br\/wp-content\/uploads\/2018\/06\/fotob-12.jpg 1769w, https:\/\/diarioregionaldigital.com.br\/wp-content\/uploads\/2018\/06\/fotob-12-300x199.jpg 300w, https:\/\/diarioregionaldigital.com.br\/wp-content\/uploads\/2018\/06\/fotob-12-768x510.jpg 768w, https:\/\/diarioregionaldigital.com.br\/wp-content\/uploads\/2018\/06\/fotob-12-1024x680.jpg 1024w, https:\/\/diarioregionaldigital.com.br\/wp-content\/uploads\/2018\/06\/fotob-12-360x239.jpg 360w\" sizes=\"auto, (max-width: 680px) 100vw, 680px\" \/><p id=\"caption-attachment-108765\" class=\"wp-caption-text\">Torcendo pelo Brasil, Cl\u00e1udia Matos e Deputado Isauro Calais<\/p><\/div>\n<div id=\"attachment_108766\" style=\"width: 690px\" class=\"wp-caption aligncenter\"><img loading=\"lazy\" decoding=\"async\" aria-describedby=\"caption-attachment-108766\" class=\"wp-image-108766\" src=\"http:\/\/diarioregionaljf.com.br\/wp-content\/uploads\/2018\/06\/fotobb-3.jpg\" alt=\"\" width=\"680\" height=\"443\" srcset=\"https:\/\/diarioregionaldigital.com.br\/wp-content\/uploads\/2018\/06\/fotobb-3.jpg 960w, https:\/\/diarioregionaldigital.com.br\/wp-content\/uploads\/2018\/06\/fotobb-3-300x195.jpg 300w, https:\/\/diarioregionaldigital.com.br\/wp-content\/uploads\/2018\/06\/fotobb-3-768x500.jpg 768w, https:\/\/diarioregionaldigital.com.br\/wp-content\/uploads\/2018\/06\/fotobb-3-360x234.jpg 360w\" sizes=\"auto, (max-width: 680px) 100vw, 680px\" \/><p id=\"caption-attachment-108766\" class=\"wp-caption-text\">Portugal e Brasil fazendo a linha coirm\u00e3s com Jos\u00e9 Carlos Branco e Juliana Melo e a estrelinha Amanda<\/p><\/div>\n<div id=\"attachment_108767\" style=\"width: 690px\" class=\"wp-caption aligncenter\"><img loading=\"lazy\" decoding=\"async\" aria-describedby=\"caption-attachment-108767\" class=\"wp-image-108767\" src=\"http:\/\/diarioregionaljf.com.br\/wp-content\/uploads\/2018\/06\/fotocc-1.jpg\" alt=\"\" width=\"680\" height=\"510\" srcset=\"https:\/\/diarioregionaldigital.com.br\/wp-content\/uploads\/2018\/06\/fotocc-1.jpg 960w, https:\/\/diarioregionaldigital.com.br\/wp-content\/uploads\/2018\/06\/fotocc-1-300x225.jpg 300w, https:\/\/diarioregionaldigital.com.br\/wp-content\/uploads\/2018\/06\/fotocc-1-768x576.jpg 768w, https:\/\/diarioregionaldigital.com.br\/wp-content\/uploads\/2018\/06\/fotocc-1-360x270.jpg 360w\" sizes=\"auto, (max-width: 680px) 100vw, 680px\" \/><p id=\"caption-attachment-108767\" class=\"wp-caption-text\">O lindo casal de brasileirinhos, D\u00e9bora Gonzales e Felipe Nogueira<\/p><\/div>\n<div id=\"attachment_108772\" style=\"width: 690px\" class=\"wp-caption aligncenter\"><img loading=\"lazy\" decoding=\"async\" aria-describedby=\"caption-attachment-108772\" class=\"wp-image-108772\" src=\"http:\/\/diarioregionaljf.com.br\/wp-content\/uploads\/2018\/06\/fotof-9-e1529612190395.jpg\" alt=\"\" width=\"680\" height=\"572\" srcset=\"https:\/\/diarioregionaldigital.com.br\/wp-content\/uploads\/2018\/06\/fotof-9-e1529612190395.jpg 768w, https:\/\/diarioregionaldigital.com.br\/wp-content\/uploads\/2018\/06\/fotof-9-e1529612190395-300x252.jpg 300w, https:\/\/diarioregionaldigital.com.br\/wp-content\/uploads\/2018\/06\/fotof-9-e1529612190395-360x303.jpg 360w\" sizes=\"auto, (max-width: 680px) 100vw, 680px\" \/><p id=\"caption-attachment-108772\" class=\"wp-caption-text\">Em Ewbanck da C\u00e2mara, os lindos Gabriel Carelli e Maria Paula Diana<\/p><\/div>\n<div id=\"attachment_108773\" style=\"width: 690px\" class=\"wp-caption aligncenter\"><img loading=\"lazy\" decoding=\"async\" aria-describedby=\"caption-attachment-108773\" class=\"wp-image-108773\" src=\"http:\/\/diarioregionaljf.com.br\/wp-content\/uploads\/2018\/06\/fotog-11-e1529612233989.jpg\" alt=\"\" width=\"680\" height=\"697\" srcset=\"https:\/\/diarioregionaldigital.com.br\/wp-content\/uploads\/2018\/06\/fotog-11-e1529612233989.jpg 489w, https:\/\/diarioregionaldigital.com.br\/wp-content\/uploads\/2018\/06\/fotog-11-e1529612233989-293x300.jpg 293w, https:\/\/diarioregionaldigital.com.br\/wp-content\/uploads\/2018\/06\/fotog-11-e1529612233989-360x369.jpg 360w\" sizes=\"auto, (max-width: 680px) 100vw, 680px\" \/><p id=\"caption-attachment-108773\" class=\"wp-caption-text\">Na Feijoada da Copa no Cascatinha, Rita Ribeiro<\/p><\/div>\n<div id=\"attachment_108774\" style=\"width: 690px\" class=\"wp-caption aligncenter\"><img loading=\"lazy\" decoding=\"async\" aria-describedby=\"caption-attachment-108774\" class=\"wp-image-108774\" src=\"http:\/\/diarioregionaljf.com.br\/wp-content\/uploads\/2018\/06\/fotoh-11-e1529612540648.jpg\" alt=\"\" width=\"680\" height=\"513\" srcset=\"https:\/\/diarioregionaldigital.com.br\/wp-content\/uploads\/2018\/06\/fotoh-11-e1529612540648.jpg 955w, https:\/\/diarioregionaldigital.com.br\/wp-content\/uploads\/2018\/06\/fotoh-11-e1529612540648-300x226.jpg 300w, https:\/\/diarioregionaldigital.com.br\/wp-content\/uploads\/2018\/06\/fotoh-11-e1529612540648-768x579.jpg 768w, https:\/\/diarioregionaldigital.com.br\/wp-content\/uploads\/2018\/06\/fotoh-11-e1529612540648-360x271.jpg 360w\" sizes=\"auto, (max-width: 680px) 100vw, 680px\" \/><p id=\"caption-attachment-108774\" class=\"wp-caption-text\">Fam\u00edlia linda torcendo pelo Brasil, Adair, Giulia e Raffaela Caruso<\/p><\/div>\n<div id=\"attachment_108775\" style=\"width: 690px\" class=\"wp-caption aligncenter\"><img loading=\"lazy\" decoding=\"async\" aria-describedby=\"caption-attachment-108775\" class=\"wp-image-108775\" src=\"http:\/\/diarioregionaljf.com.br\/wp-content\/uploads\/2018\/06\/fotoi-10.jpg\" alt=\"\" width=\"680\" height=\"510\" srcset=\"https:\/\/diarioregionaldigital.com.br\/wp-content\/uploads\/2018\/06\/fotoi-10.jpg 960w, https:\/\/diarioregionaldigital.com.br\/wp-content\/uploads\/2018\/06\/fotoi-10-300x225.jpg 300w, https:\/\/diarioregionaldigital.com.br\/wp-content\/uploads\/2018\/06\/fotoi-10-768x576.jpg 768w, https:\/\/diarioregionaldigital.com.br\/wp-content\/uploads\/2018\/06\/fotoi-10-360x270.jpg 360w\" sizes=\"auto, (max-width: 680px) 100vw, 680px\" \/><p id=\"caption-attachment-108775\" class=\"wp-caption-text\">No Terrazzo no Tudo \u00e9 Brasil, Jo\u00e3o Tavares, Cristiane Fernandes e Rosenberg Frizeiro<\/p><\/div>\n<div id=\"attachment_108776\" style=\"width: 690px\" class=\"wp-caption aligncenter\"><img loading=\"lazy\" decoding=\"async\" aria-describedby=\"caption-attachment-108776\" class=\"wp-image-108776\" src=\"http:\/\/diarioregionaljf.com.br\/wp-content\/uploads\/2018\/06\/fotoj-12-e1529612373897.jpg\" alt=\"\" width=\"680\" height=\"545\" srcset=\"https:\/\/diarioregionaldigital.com.br\/wp-content\/uploads\/2018\/06\/fotoj-12-e1529612373897.jpg 773w, https:\/\/diarioregionaldigital.com.br\/wp-content\/uploads\/2018\/06\/fotoj-12-e1529612373897-300x241.jpg 300w, https:\/\/diarioregionaldigital.com.br\/wp-content\/uploads\/2018\/06\/fotoj-12-e1529612373897-768x616.jpg 768w, https:\/\/diarioregionaldigital.com.br\/wp-content\/uploads\/2018\/06\/fotoj-12-e1529612373897-360x289.jpg 360w\" sizes=\"auto, (max-width: 680px) 100vw, 680px\" \/><p id=\"caption-attachment-108776\" class=\"wp-caption-text\">Lindos Jovens no \u201cEu sou brasileiro\u201d, Thiago Silva, Morel Gustavo, Jos\u00e9 Francisco de Andrade, Aline Nicolette e Talison Vardiero<\/p><\/div>\n<div id=\"attachment_108778\" style=\"width: 690px\" class=\"wp-caption aligncenter\"><img loading=\"lazy\" decoding=\"async\" aria-describedby=\"caption-attachment-108778\" class=\"wp-image-108778\" src=\"http:\/\/diarioregionaljf.com.br\/wp-content\/uploads\/2018\/06\/fotom-5-e1529612500606.jpg\" alt=\"\" width=\"680\" height=\"504\" srcset=\"https:\/\/diarioregionaldigital.com.br\/wp-content\/uploads\/2018\/06\/fotom-5-e1529612500606.jpg 749w, https:\/\/diarioregionaldigital.com.br\/wp-content\/uploads\/2018\/06\/fotom-5-e1529612500606-300x222.jpg 300w, https:\/\/diarioregionaldigital.com.br\/wp-content\/uploads\/2018\/06\/fotom-5-e1529612500606-360x267.jpg 360w\" sizes=\"auto, (max-width: 680px) 100vw, 680px\" \/><p id=\"caption-attachment-108778\" class=\"wp-caption-text\">Com muito orgulho e muito amor, os brasileiros lindos, Isabella e os pais Suellen Lazzarini e Rafael Gouv\u00eaa<\/p><\/div>\n<div id=\"attachment_108780\" style=\"width: 690px\" class=\"wp-caption aligncenter\"><img loading=\"lazy\" decoding=\"async\" aria-describedby=\"caption-attachment-108780\" class=\"wp-image-108780\" src=\"http:\/\/diarioregionaljf.com.br\/wp-content\/uploads\/2018\/06\/fotoe-11.jpg\" alt=\"\" width=\"680\" height=\"510\" srcset=\"https:\/\/diarioregionaldigital.com.br\/wp-content\/uploads\/2018\/06\/fotoe-11.jpg 960w, https:\/\/diarioregionaldigital.com.br\/wp-content\/uploads\/2018\/06\/fotoe-11-300x225.jpg 300w, https:\/\/diarioregionaldigital.com.br\/wp-content\/uploads\/2018\/06\/fotoe-11-768x576.jpg 768w, https:\/\/diarioregionaldigital.com.br\/wp-content\/uploads\/2018\/06\/fotoe-11-360x270.jpg 360w\" sizes=\"auto, (max-width: 680px) 100vw, 680px\" \/><p id=\"caption-attachment-108780\" class=\"wp-caption-text\">No \u201cPrivilaje\u201d Vitorino Braga as rainhas, Erika Beire, Dani Verpel, Orne\u00eddes Lima, Luciana Lopes<\/p><\/div>\n<div id=\"attachment_108782\" style=\"width: 690px\" class=\"wp-caption aligncenter\"><img loading=\"lazy\" decoding=\"async\" aria-describedby=\"caption-attachment-108782\" class=\"wp-image-108782\" src=\"http:\/\/diarioregionaljf.com.br\/wp-content\/uploads\/2018\/06\/fotol-7.jpg\" alt=\"\" width=\"680\" height=\"510\" srcset=\"https:\/\/diarioregionaldigital.com.br\/wp-content\/uploads\/2018\/06\/fotol-7.jpg 960w, https:\/\/diarioregionaldigital.com.br\/wp-content\/uploads\/2018\/06\/fotol-7-300x225.jpg 300w, https:\/\/diarioregionaldigital.com.br\/wp-content\/uploads\/2018\/06\/fotol-7-768x576.jpg 768w, https:\/\/diarioregionaldigital.com.br\/wp-content\/uploads\/2018\/06\/fotol-7-360x270.jpg 360w\" sizes=\"auto, (max-width: 680px) 100vw, 680px\" \/><p id=\"caption-attachment-108782\" class=\"wp-caption-text\">Bonitos jovens na torcida Privil\u00e9ge, Fl\u00e1vio Fusco, Arthur Batitucci, Raquel Junqueira, Cristian Dayvison e Gui Shr\u00f6der<\/p><\/div>\n<div id=\"attachment_108783\" style=\"width: 690px\" class=\"wp-caption aligncenter\"><img loading=\"lazy\" decoding=\"async\" aria-describedby=\"caption-attachment-108783\" class=\"wp-image-108783\" src=\"http:\/\/diarioregionaljf.com.br\/wp-content\/uploads\/2018\/06\/fotodd-2-e1529612456843.jpg\" alt=\"\" width=\"680\" height=\"638\" srcset=\"https:\/\/diarioregionaldigital.com.br\/wp-content\/uploads\/2018\/06\/fotodd-2-e1529612456843.jpg 720w, https:\/\/diarioregionaldigital.com.br\/wp-content\/uploads\/2018\/06\/fotodd-2-e1529612456843-300x282.jpg 300w, https:\/\/diarioregionaldigital.com.br\/wp-content\/uploads\/2018\/06\/fotodd-2-e1529612456843-360x338.jpg 360w\" sizes=\"auto, (max-width: 680px) 100vw, 680px\" \/><p id=\"caption-attachment-108783\" class=\"wp-caption-text\">O universit\u00e1rio Vitor Biscotto vai torcer e muito pelo Brasil hoje, na Copa do Mundo<\/p><\/div>\n<div id=\"attachment_108794\" style=\"width: 690px\" class=\"wp-caption aligncenter\"><img loading=\"lazy\" decoding=\"async\" aria-describedby=\"caption-attachment-108794\" class=\"wp-image-108794\" src=\"http:\/\/diarioregionaljf.com.br\/wp-content\/uploads\/2018\/06\/fotoee-4.jpg\" alt=\"\" width=\"680\" height=\"680\" srcset=\"https:\/\/diarioregionaldigital.com.br\/wp-content\/uploads\/2018\/06\/fotoee-4.jpg 960w, https:\/\/diarioregionaldigital.com.br\/wp-content\/uploads\/2018\/06\/fotoee-4-150x150.jpg 150w, https:\/\/diarioregionaldigital.com.br\/wp-content\/uploads\/2018\/06\/fotoee-4-300x300.jpg 300w, https:\/\/diarioregionaldigital.com.br\/wp-content\/uploads\/2018\/06\/fotoee-4-768x768.jpg 768w, https:\/\/diarioregionaldigital.com.br\/wp-content\/uploads\/2018\/06\/fotoee-4-180x180.jpg 180w, https:\/\/diarioregionaldigital.com.br\/wp-content\/uploads\/2018\/06\/fotoee-4-600x600.jpg 600w, https:\/\/diarioregionaldigital.com.br\/wp-content\/uploads\/2018\/06\/fotoee-4-120x120.jpg 120w, https:\/\/diarioregionaldigital.com.br\/wp-content\/uploads\/2018\/06\/fotoee-4-360x360.jpg 360w, https:\/\/diarioregionaldigital.com.br\/wp-content\/uploads\/2018\/06\/fotoee-4-80x80.jpg 80w\" sizes=\"auto, (max-width: 680px) 100vw, 680px\" \/><p id=\"caption-attachment-108794\" class=\"wp-caption-text\">A linda estrelinha Valentina Abr\u00e3o Carneiro, torcendo pelo Brasil na Big P\u00e3o<\/p><\/div>\n<div id=\"attachment_108764\" style=\"width: 690px\" class=\"wp-caption aligncenter\"><img loading=\"lazy\" decoding=\"async\" aria-describedby=\"caption-attachment-108764\" class=\"wp-image-108764\" src=\"http:\/\/diarioregionaljf.com.br\/wp-content\/uploads\/2018\/06\/fotoaa-9-e1529612120893.jpg\" alt=\"\" width=\"680\" height=\"842\" srcset=\"https:\/\/diarioregionaldigital.com.br\/wp-content\/uploads\/2018\/06\/fotoaa-9-e1529612120893.jpg 525w, https:\/\/diarioregionaldigital.com.br\/wp-content\/uploads\/2018\/06\/fotoaa-9-e1529612120893-242x300.jpg 242w, https:\/\/diarioregionaldigital.com.br\/wp-content\/uploads\/2018\/06\/fotoaa-9-e1529612120893-360x446.jpg 360w\" sizes=\"auto, (max-width: 680px) 100vw, 680px\" \/><p id=\"caption-attachment-108764\" class=\"wp-caption-text\">O campe\u00e3o voltou com Josean Pestana direto de Miracema (RJ) para todo o Brasil<\/p><\/div>\n<p style=\"text-align: center;\"><strong>FOTOSS\u00cdNTESE<\/strong><\/p>\n<p>A diva Sandra Portella faz o maior sucesso em S\u00e3o Paulo. No s\u00e1bado, 23, ela faz apresenta\u00e7\u00e3o no Carioca Club ao lado de Jorge Arag\u00e3o. A Feijoada de 105 FM vai bombar, com Imagina Samba.<\/p>\n<p>Ser\u00e1 que a for\u00e7a est\u00e1 no cabelo?<\/p>\n<p>Muito prestigiada a exposi\u00e7\u00e3o do artista-pl\u00e1stico Gerson Guedes com o tema \u201cJuiz de Fora &#8211; recortes urbanos\u201d com obras em acr\u00edlico sobre tela com paisagens e constru\u00e7\u00f5es da cidade. A mostra est\u00e1 no Independ\u00eancia Shopping.<\/p>\n<p>Muito simp\u00e1tico e sol\u00edcito, o matem\u00e1tico Oswald de Souza esteve em Juiz de Fora e foi presen\u00e7a festejada no almo\u00e7o do Procop\u00e3o. Foi recebido pelos propriet\u00e1rios Cristina e S\u00e9rgio Alves e a filha B\u00e1rbara.<\/p>\n<p>Os escritores Aline Rochedo Pachamama e Marcos Apoena Puri lan\u00e7aram no ICH da UFJF, o livro \u201cMorukah Puky\u201d, publicado em portugu\u00eas e na l\u00edngua Puri. Na noite, eles apresentaram a sabedoria e espiritualidade de um dos grupos ind\u00edgenas de Minas.<\/p>\n<p>Durante o 1\u00ba Enogastron\u00f4mico que acontece amanh\u00e3, 23 de junho, na Pousada Pasto do Lambari, em Ibitipoca, o artista pl\u00e1stico D\u2019Anestis vai apresentar uma mostra de seus belos quadros.<\/p>\n<p>A nova composi\u00e7\u00e3o de representantes da sociedade civil no Conselho Municipal de Cultura tomou posse ontem, com o desafio de alavancar a cultura em Juiz de Fora.<\/p>\n<p>Digno de elogios, o tenista juiz-forano Felipe Miana sagrou-se campe\u00e3o de torneio no Peru e vai a vice-lideran\u00e7a de ranking da ITF, em sua faixa et\u00e1ria tanto no simples quanto de duplas.<\/p>\n<p>A bonita atleta do Clube Bom Pastor Manuela Alves \u00e9 a nova campe\u00e3 brasileira de nata\u00e7\u00e3o, ap\u00f3s vencer a prova paral\u00edmpica (100 m de costas) no Circuito Brasil Loterias Caixa.<\/p>\n<p>Os f\u00e3s do Twitter elegeram a camisa da Nig\u00e9ria a mais bonita da Copa do Mundo de Futebol. O Brasil ficou em segundo lugar.<\/p>\n<p>Gustavo Ramalho e Leandro Pimentel receberam convidados no Arigat\u00f4 para comemorar os quatro anos da CardioCl\u00ednica.<\/p>\n<p>Foi na C\u00e2mara Municipal a entrega da \u201cMedalha Geraldo Pereira\u201d. Dentre homenageados; Flavinho da Juventude, M\u00e1rcio Gomes, I\u00eada Maraia Loureiro de Carvalho e a banda Onze:20.<\/p>\n<p>Radicada na Inglaterra, a bonita Nara Vidal vai lan\u00e7ar o livro \u201cSorte\u201d em Guarani, sua terra natal, no dia 24 de junho.<\/p>\n<p>Para localizar: Tudo que \u00e9 diferente incomoda o que \u00e9 igual. Bom dia.<\/p>\n","protected":false},"excerpt":{"rendered":"<p>Cores do Brasil Em tempo de Copa do Mundo de Futebol, o Museu Mariano Proc\u00f3pio est\u00e1 enfeitado com faixas verde\/amarelo na fachada do solar. \u00c9 bom lembrar que em 1970, ap\u00f3s a conquista do tri no M\u00e9xico, a Ta\u00e7a Jules Rimet ficou exposta por tr\u00eas dias no museu, a pedido do ent\u00e3o prefeito Itamar Franco. [&hellip;]<\/p>\n","protected":false},"author":96,"featured_media":108763,"comment_status":"closed","ping_status":"closed","sticky":false,"template":"","format":"standard","meta":{"footnotes":""},"categories":[264],"tags":[],"class_list":["post-108795","post","type-post","status-publish","format-standard","has-post-thumbnail","hentry","category-eduardo-gomes"],"_links":{"self":[{"href":"https:\/\/diarioregionaldigital.com.br\/index.php?rest_route=\/wp\/v2\/posts\/108795","targetHints":{"allow":["GET"]}}],"collection":[{"href":"https:\/\/diarioregionaldigital.com.br\/index.php?rest_route=\/wp\/v2\/posts"}],"about":[{"href":"https:\/\/diarioregionaldigital.com.br\/index.php?rest_route=\/wp\/v2\/types\/post"}],"author":[{"embeddable":true,"href":"https:\/\/diarioregionaldigital.com.br\/index.php?rest_route=\/wp\/v2\/users\/96"}],"replies":[{"embeddable":true,"href":"https:\/\/diarioregionaldigital.com.br\/index.php?rest_route=%2Fwp%2Fv2%2Fcomments&post=108795"}],"version-history":[{"count":0,"href":"https:\/\/diarioregionaldigital.com.br\/index.php?rest_route=\/wp\/v2\/posts\/108795\/revisions"}],"wp:featuredmedia":[{"embeddable":true,"href":"https:\/\/diarioregionaldigital.com.br\/index.php?rest_route=\/wp\/v2\/media\/108763"}],"wp:attachment":[{"href":"https:\/\/diarioregionaldigital.com.br\/index.php?rest_route=%2Fwp%2Fv2%2Fmedia&parent=108795"}],"wp:term":[{"taxonomy":"category","embeddable":true,"href":"https:\/\/diarioregionaldigital.com.br\/index.php?rest_route=%2Fwp%2Fv2%2Fcategories&post=108795"},{"taxonomy":"post_tag","embeddable":true,"href":"https:\/\/diarioregionaldigital.com.br\/index.php?rest_route=%2Fwp%2Fv2%2Ftags&post=108795"}],"curies":[{"name":"wp","href":"https:\/\/api.w.org\/{rel}","templated":true}]}}