{"id":108759,"date":"2018-06-21T16:36:46","date_gmt":"2018-06-21T19:36:46","guid":{"rendered":"http:\/\/diarioregionaljf.com.br\/?p=108759"},"modified":"2018-06-21T16:36:46","modified_gmt":"2018-06-21T19:36:46","slug":"area-azul-tem-horario-diferenciado-durante-jogos-da-selecao-brasileira-na-copa","status":"publish","type":"post","link":"https:\/\/diarioregionaldigital.com.br\/?p=108759","title":{"rendered":"\u00c1rea Azul tem hor\u00e1rio diferenciado durante jogos da Sele\u00e7\u00e3o Brasileira na Copa"},"content":{"rendered":"<p>A \u201c\u00c1rea Azul Digital\u201d ter\u00e1 hor\u00e1rio diferenciado nesta sexta-feira, 22, durante o jogo do Brasil na Copa do Mundo. A cobran\u00e7a no estacionamento rotativo ser\u00e1 de 12h \u00e0s 18h, e n\u00e3o de 8h \u00e0s 18h, conforme acontece nos dias \u00fateis.<\/p>\n<p>Na quarta-feira, 27, haver\u00e1 tamb\u00e9m altera\u00e7\u00e3o no hor\u00e1rio, com o estacionamento rotativo sendo cobrado de 8h \u00e0s 14h.<\/p>\n<p>Fonte: Assessoria<\/p>\n","protected":false},"excerpt":{"rendered":"<p>A \u201c\u00c1rea Azul Digital\u201d ter\u00e1 hor\u00e1rio diferenciado nesta sexta-feira, 22, durante o jogo do Brasil na Copa do Mundo. A cobran\u00e7a no estacionamento rotativo ser\u00e1 de 12h \u00e0s 18h, e n\u00e3o de 8h \u00e0s 18h, conforme acontece nos dias \u00fateis. Na quarta-feira, 27, haver\u00e1 tamb\u00e9m altera\u00e7\u00e3o no hor\u00e1rio, com o estacionamento rotativo sendo cobrado de [&hellip;]<\/p>\n","protected":false},"author":96,"featured_media":108761,"comment_status":"closed","ping_status":"closed","sticky":false,"template":"","format":"standard","meta":{"footnotes":""},"categories":[253,440,439],"tags":[],"class_list":["post-108759","post","type-post","status-publish","format-standard","has-post-thumbnail","hentry","category-cidade","category-destaques-do-dia","category-ultima-hora"],"_links":{"self":[{"href":"https:\/\/diarioregionaldigital.com.br\/index.php?rest_route=\/wp\/v2\/posts\/108759","targetHints":{"allow":["GET"]}}],"collection":[{"href":"https:\/\/diarioregionaldigital.com.br\/index.php?rest_route=\/wp\/v2\/posts"}],"about":[{"href":"https:\/\/diarioregionaldigital.com.br\/index.php?rest_route=\/wp\/v2\/types\/post"}],"author":[{"embeddable":true,"href":"https:\/\/diarioregionaldigital.com.br\/index.php?rest_route=\/wp\/v2\/users\/96"}],"replies":[{"embeddable":true,"href":"https:\/\/diarioregionaldigital.com.br\/index.php?rest_route=%2Fwp%2Fv2%2Fcomments&post=108759"}],"version-history":[{"count":0,"href":"https:\/\/diarioregionaldigital.com.br\/index.php?rest_route=\/wp\/v2\/posts\/108759\/revisions"}],"wp:featuredmedia":[{"embeddable":true,"href":"https:\/\/diarioregionaldigital.com.br\/index.php?rest_route=\/wp\/v2\/media\/108761"}],"wp:attachment":[{"href":"https:\/\/diarioregionaldigital.com.br\/index.php?rest_route=%2Fwp%2Fv2%2Fmedia&parent=108759"}],"wp:term":[{"taxonomy":"category","embeddable":true,"href":"https:\/\/diarioregionaldigital.com.br\/index.php?rest_route=%2Fwp%2Fv2%2Fcategories&post=108759"},{"taxonomy":"post_tag","embeddable":true,"href":"https:\/\/diarioregionaldigital.com.br\/index.php?rest_route=%2Fwp%2Fv2%2Ftags&post=108759"}],"curies":[{"name":"wp","href":"https:\/\/api.w.org\/{rel}","templated":true}]}}