{"id":108749,"date":"2018-06-22T06:00:47","date_gmt":"2018-06-22T09:00:47","guid":{"rendered":"http:\/\/diarioregionaljf.com.br\/?p=108749"},"modified":"2018-06-22T14:41:47","modified_gmt":"2018-06-22T17:41:47","slug":"primeiros-dias-do-inverno-deverao-ser-marcados-por-clima-estavel","status":"publish","type":"post","link":"https:\/\/diarioregionaldigital.com.br\/?p=108749","title":{"rendered":"Primeiros dias do inverno dever\u00e3o ser marcados por clima est\u00e1vel"},"content":{"rendered":"<p>O inverno chegou oficialmente \u00e0s 7h07min dessa quinta-feira, 21, e com a sua chegada, tamb\u00e9m s\u00e3o esperadas as caracter\u00edsticas marcantes dessa esta\u00e7\u00e3o.<\/p>\n<p>Apesar de j\u00e1 nos encontrarmos em uma nova esta\u00e7\u00e3o as mudan\u00e7as ser\u00e3o sentidas pela popula\u00e7\u00e3o aos poucos. \u00a0Nessa sexta-feira teremos c\u00e9u parcialmente nublado a claro, com nevoeiro ao amanhecer. O quadro dever\u00e1 se manter est\u00e1vel durante o final de semana.<\/p>\n<p>Na Zona da Mata em m\u00e9dia teremos m\u00ednimas de 8\u00b0C e m\u00e1ximas de 25\u00b0C. Para Juiz de Fora s\u00e3o esperadas m\u00ednimas de 13\u00b0C e m\u00e1ximas de 22\u00b0C.<\/p>\n<p>De acordo com Anete Fernandes, meteorologista do 5\u00ba Distrito do Instituto Nacional de Meteorologia (Inmet), as principais caracter\u00edsticas do inverno na regi\u00e3o s\u00e3o clima seco e pouca chuva. \u201cEssa \u00e9 uma esta\u00e7\u00e3o seca, com chuvas muito escassas e que quando acontecem est\u00e3o associadas ao avan\u00e7o de frente frias que chegam \u00e0 regi\u00e3o carregando mais umidade\u201d. As previs\u00f5es realizadas pelo Inmet s\u00e3o baseadas em mais de trinta anos de observa\u00e7\u00e3o.<\/p>\n<p>A regi\u00e3o da Zona da Mata, diferentemente de outros pontos do estado, pode registrar chuvas pontuais por sofrer com o transporte de umidade oce\u00e2nica. \u201cNessa \u00e9poca do ano prevalecem centros de alta press\u00e3o no oceano que intensificam os ventos em dire\u00e7\u00e3o ao continente trazendo essa umidade que costuma chegar ate a faixa leste de Minas Gerais\u201d explicou a meteorologista.<\/p>\n<p>Outra caracter\u00edstica marcante do inverno \u00e9 a grande amplitude t\u00e9rmica, ou seja, a grande varia\u00e7\u00e3o de temperaturas ao longo do dia. Segundo Anete \u201cno in\u00edcio da manh\u00e3 e a noite a temperatura s\u00e3o bem amenas e ao longo do dia aumenta bastante, voltando a baixar a noite. Nessa \u00e9poca do ano voc\u00ea tem o predom\u00ednio de c\u00e9u claro e assim h\u00e1 uma maior incid\u00eancia de radia\u00e7\u00e3o ao longo do dia. J\u00e1 a noite, com aus\u00eancia de nebulosidade, h\u00e1 uma perda de calor maior\u201d.<\/p>\n<p>Na Zona da Mata tamb\u00e9m h\u00e1 a forma\u00e7\u00e3o de nevoeiros em pontos isolados ao amanhecer, favorecidas pela temperatura baixa associada a disponibilidade de umidade da madrugada.<\/p>\n<p>Em determinadas localidades da regi\u00e3o tamb\u00e9m \u00e9 comum o registro de \u00edndices cr\u00edticos de umidade durante a tarde, chegando a 30%. Essa \u00e9 uma caracter\u00edstica comum em toda regi\u00e3o Sudeste, que pode ocorrer entre julho e setembro e at\u00e9 in\u00edcio de outubro, dependendo da chegada das chuvas.<\/p>\n<p>Nessa \u00e9poca do ano tamb\u00e9m s\u00e3o recorrentes as massas de ar frio que chegam ao estado com mais for\u00e7a, provocando decl\u00ednio da temperatura m\u00ednima de um dia pro outro e mantendo a temperatura amena por mais dias.<\/p>\n","protected":false},"excerpt":{"rendered":"<p>O inverno chegou oficialmente \u00e0s 7h07min dessa quinta-feira, 21, e com a sua chegada, tamb\u00e9m s\u00e3o esperadas as caracter\u00edsticas marcantes dessa esta\u00e7\u00e3o. Apesar de j\u00e1 nos encontrarmos em uma nova esta\u00e7\u00e3o as mudan\u00e7as ser\u00e3o sentidas pela popula\u00e7\u00e3o aos poucos. \u00a0Nessa sexta-feira teremos c\u00e9u parcialmente nublado a claro, com nevoeiro ao amanhecer. O quadro dever\u00e1 se [&hellip;]<\/p>\n","protected":false},"author":96,"featured_media":108865,"comment_status":"closed","ping_status":"closed","sticky":false,"template":"","format":"standard","meta":{"footnotes":""},"categories":[253,436,439],"tags":[],"class_list":["post-108749","post","type-post","status-publish","format-standard","has-post-thumbnail","hentry","category-cidade","category-destaque-da-semana","category-ultima-hora"],"_links":{"self":[{"href":"https:\/\/diarioregionaldigital.com.br\/index.php?rest_route=\/wp\/v2\/posts\/108749","targetHints":{"allow":["GET"]}}],"collection":[{"href":"https:\/\/diarioregionaldigital.com.br\/index.php?rest_route=\/wp\/v2\/posts"}],"about":[{"href":"https:\/\/diarioregionaldigital.com.br\/index.php?rest_route=\/wp\/v2\/types\/post"}],"author":[{"embeddable":true,"href":"https:\/\/diarioregionaldigital.com.br\/index.php?rest_route=\/wp\/v2\/users\/96"}],"replies":[{"embeddable":true,"href":"https:\/\/diarioregionaldigital.com.br\/index.php?rest_route=%2Fwp%2Fv2%2Fcomments&post=108749"}],"version-history":[{"count":0,"href":"https:\/\/diarioregionaldigital.com.br\/index.php?rest_route=\/wp\/v2\/posts\/108749\/revisions"}],"wp:featuredmedia":[{"embeddable":true,"href":"https:\/\/diarioregionaldigital.com.br\/index.php?rest_route=\/wp\/v2\/media\/108865"}],"wp:attachment":[{"href":"https:\/\/diarioregionaldigital.com.br\/index.php?rest_route=%2Fwp%2Fv2%2Fmedia&parent=108749"}],"wp:term":[{"taxonomy":"category","embeddable":true,"href":"https:\/\/diarioregionaldigital.com.br\/index.php?rest_route=%2Fwp%2Fv2%2Fcategories&post=108749"},{"taxonomy":"post_tag","embeddable":true,"href":"https:\/\/diarioregionaldigital.com.br\/index.php?rest_route=%2Fwp%2Fv2%2Ftags&post=108749"}],"curies":[{"name":"wp","href":"https:\/\/api.w.org\/{rel}","templated":true}]}}