{"id":108664,"date":"2018-06-21T06:00:13","date_gmt":"2018-06-21T09:00:13","guid":{"rendered":"http:\/\/diarioregionaljf.com.br\/?p=108664"},"modified":"2018-06-20T20:27:44","modified_gmt":"2018-06-20T23:27:44","slug":"autoridade-e-livre-arbitrio","status":"publish","type":"post","link":"https:\/\/diarioregionaldigital.com.br\/?p=108664","title":{"rendered":"Autoridade e livre-arb\u00edtrio"},"content":{"rendered":"<p><strong>\u00a0\u00a0\u00a0\u00a0\u00a0\u00a0\u00a0\u00a0\u00a0\u00a0\u00a0 <\/strong>Nestes tempos que se dizem modernos, os filhos t\u00eam sido deixados, com raras exce\u00e7\u00f5es, em segundo plano. Ora \u00e9 porque pai e m\u00e3e trabalham, ora \u00e9 porque houve um rompimento dos la\u00e7os familiares.<\/p>\n<p>Neste contexto, muitos pais pensam que transferem a cria\u00e7\u00e3o e educa\u00e7\u00e3o dos filhos para as escolas. Por isto \u00e9 que proliferam hoje as creches e escolinhas. Eu digo pensam, porque a escola tem o seu papel e podem ajudar, mas a primeira responsabilidade pela educa\u00e7\u00e3o e forma\u00e7\u00e3o dos filhos \u00e9 dos pais e da fam\u00edlia.<\/p>\n<p>Especialistas no assunto t\u00eam alertado sobre a import\u00e2ncia da fam\u00edlia como elemento agregador e refer\u00eancia primeira para o jovem. S\u00f3 que muitos pais n\u00e3o conseguem administrar a autoridade e o livre-arb\u00edtrio.<\/p>\n<p>Tenho experimentado uma grande experi\u00eancia no Centro de Integra\u00e7\u00e3o Empresa-Escola de Minas Gerais (CIEE\/MG), que h\u00e1 mais de tr\u00eas d\u00e9cadas atende o jovem para uma oportunidade de est\u00e1gio em empresas e \u00f3rg\u00e3os, p\u00fablicos e privados, ou de aprendizagem. Esta viv\u00eancia tem nos revelado como \u00e9 importante o grupo familiar, cujos pais praticam a autoridade, mas sem sufocar o livre-arb\u00edtrio.<\/p>\n<p>Est\u00e1 comprovado que quando existe respeito fica mais f\u00e1cil estabelecer os limites. S\u00e3o meninos e meninas na faixa de 10 a 12 anos que enfrentam os pais e se julgam capazes de ir para balada, <em>shoppings <\/em>ou festas apenas na companhia de amigos e \u00e0s vezes at\u00e9 sozinhos. Por isso os pais precisam estar atentos para exercerem a autoridade neste momento, incutindo na cabe\u00e7a dos jovens que h\u00e1 limites que n\u00e3o devem ser ultrapassados.<\/p>\n<p>A autoridade se constr\u00f3i, principalmente, por meio dos v\u00ednculos e das refer\u00eancias que podem se transformar em admira\u00e7\u00e3o e respeito. Nesse sentido, a vontade do adolescente tamb\u00e9m tem que ser levada em conta para que haja uma rela\u00e7\u00e3o de respeito m\u00fatuo.<\/p>\n<p>Atrav\u00e9s de uma autoridade respons\u00e1vel o adolescente poder\u00e1 formar seu livre arb\u00edtrio. Sabemos que o cen\u00e1rio externo exercer\u00e1 grande influ\u00eancia sobre esse jovem, j\u00e1 que para acompanhar a \u201ctribo\u201d em que esse est\u00e1 inserido, muitas vezes ser\u00e1 induzido a tomar decis\u00f5es nem sempre acertadas. Por isso, a fam\u00edlia \u00e9 o esteio para que ele forme uma opini\u00e3o baseada em conceitos \u00e9ticos e saud\u00e1veis. Imposi\u00e7\u00f5es arbitr\u00e1rias dos pais fatalmente ser\u00e3o rejeitadas pelo jovem.<\/p>\n<p>Chamo a aten\u00e7\u00e3o para um dado importante: as fam\u00edlias nunca podem abandonar os seus filhos. Esses necessitam de refer\u00eancias, mesmo que as desprezem, mas ficar\u00e1 sempre na mente do jovem o que chamamos de zumbido: os bons exemplos e refer\u00eancias da fam\u00edlia. Relembro aqui o que nos ensina S\u00e3o Jo\u00e3o Maria Vianney &#8211; o Santo Cura D\u2019ars: \u201cAquilo que se faz fica muito mais gravado na mente dos filhos do que aquilo que se fala\u201d.<\/p>\n<p>Os pais n\u00e3o podem abdicar de seus filhos e devem am\u00e1-los incondicionalmente e estarem sempre presentes nessa fase dif\u00edcil do jovem, principalmente do adolescente. Exercer autoridade e estabelecer limites s\u00e3o formas de amar e de se fazer amar.<\/p>\n<p>&nbsp;<\/p>\n","protected":false},"excerpt":{"rendered":"<p>\u00a0\u00a0\u00a0\u00a0\u00a0\u00a0\u00a0\u00a0\u00a0\u00a0\u00a0 Nestes tempos que se dizem modernos, os filhos t\u00eam sido deixados, com raras exce\u00e7\u00f5es, em segundo plano. Ora \u00e9 porque pai e m\u00e3e trabalham, ora \u00e9 porque houve um rompimento dos la\u00e7os familiares. Neste contexto, muitos pais pensam que transferem a cria\u00e7\u00e3o e educa\u00e7\u00e3o dos filhos para as escolas. Por isto \u00e9 que proliferam [&hellip;]<\/p>\n","protected":false},"author":96,"featured_media":108665,"comment_status":"closed","ping_status":"closed","sticky":false,"template":"","format":"standard","meta":{"footnotes":""},"categories":[291],"tags":[],"class_list":["post-108664","post","type-post","status-publish","format-standard","has-post-thumbnail","hentry","category-versoes-artigos-de-opiniao"],"_links":{"self":[{"href":"https:\/\/diarioregionaldigital.com.br\/index.php?rest_route=\/wp\/v2\/posts\/108664","targetHints":{"allow":["GET"]}}],"collection":[{"href":"https:\/\/diarioregionaldigital.com.br\/index.php?rest_route=\/wp\/v2\/posts"}],"about":[{"href":"https:\/\/diarioregionaldigital.com.br\/index.php?rest_route=\/wp\/v2\/types\/post"}],"author":[{"embeddable":true,"href":"https:\/\/diarioregionaldigital.com.br\/index.php?rest_route=\/wp\/v2\/users\/96"}],"replies":[{"embeddable":true,"href":"https:\/\/diarioregionaldigital.com.br\/index.php?rest_route=%2Fwp%2Fv2%2Fcomments&post=108664"}],"version-history":[{"count":0,"href":"https:\/\/diarioregionaldigital.com.br\/index.php?rest_route=\/wp\/v2\/posts\/108664\/revisions"}],"wp:featuredmedia":[{"embeddable":true,"href":"https:\/\/diarioregionaldigital.com.br\/index.php?rest_route=\/wp\/v2\/media\/108665"}],"wp:attachment":[{"href":"https:\/\/diarioregionaldigital.com.br\/index.php?rest_route=%2Fwp%2Fv2%2Fmedia&parent=108664"}],"wp:term":[{"taxonomy":"category","embeddable":true,"href":"https:\/\/diarioregionaldigital.com.br\/index.php?rest_route=%2Fwp%2Fv2%2Fcategories&post=108664"},{"taxonomy":"post_tag","embeddable":true,"href":"https:\/\/diarioregionaldigital.com.br\/index.php?rest_route=%2Fwp%2Fv2%2Ftags&post=108664"}],"curies":[{"name":"wp","href":"https:\/\/api.w.org\/{rel}","templated":true}]}}