{"id":108661,"date":"2018-06-20T20:24:59","date_gmt":"2018-06-20T23:24:59","guid":{"rendered":"http:\/\/diarioregionaljf.com.br\/?p=108661"},"modified":"2018-06-20T20:24:59","modified_gmt":"2018-06-20T23:24:59","slug":"stf-valida-delacoes-premiadas-negociadas-pela-policia-federal","status":"publish","type":"post","link":"https:\/\/diarioregionaldigital.com.br\/?p=108661","title":{"rendered":"STF valida dela\u00e7\u00f5es premiadas negociadas pela Pol\u00edcia Federal"},"content":{"rendered":"<p>Por 10 votos a 1, o Supremo Tribunal Federal (STF) confirmou\u00a0nessa quarta-feira, 20, a validade da autoriza\u00e7\u00e3o legal para que\u00a0delegados das pol\u00edcias Civil e Federal possam negociar dela\u00e7\u00f5es premiadas, conforme previsto na Lei de Organiza\u00e7\u00f5es Criminosas (12.850\/2013). Para os ministros, delegados podem usar os depoimentos de colabora\u00e7\u00e3o como instrumento de obten\u00e7\u00e3o de provas durante a investiga\u00e7\u00e3o.<\/p>\n<p>A decis\u00e3o\u00a0ter\u00e1 impacto nas dela\u00e7\u00f5es de investigados na Opera\u00e7\u00e3o Lava Jato que n\u00e3o conseguiram assinar acordos com a for\u00e7a-tarefa de procuradores do Minist\u00e9rio P\u00fablico e tentaram acordo com a Pol\u00edcia Federal, como o publicit\u00e1rio Duda Mendon\u00e7a e o ex-ministro Ant\u00f4nio Palocci. Com a decis\u00e3o do STF, a Justi\u00e7a poder\u00e1 decidir sobre a homologa\u00e7\u00e3o dos acordos.<\/p>\n<p>A norma foi questionada no Supremo pela Procuradoria-Geral da Rep\u00fablica (PGR), em 2016. Na ocasi\u00e3o, o ex-procurador-geral da Rep\u00fablica, Rodrigo Janot, alegou que a possibilidade de a PF realizar acordos enfraquece a atribui\u00e7\u00e3o exclusiva do Minist\u00e9rio P\u00fablico (MP) de oferecer den\u00fancia contra criminosos.<\/p>\n<p>A PGR tamb\u00e9m sustentou que delegados n\u00e3o t\u00eam a prerrogativa de oferecer pr\u00eamios ao colaborador, uma vez que cabe somente ao Minist\u00e9rio P\u00fablico o papel de apresentar den\u00fancia contra o criminoso.<\/p>\n<p>O julgamento foi interrompido\u00a0em dezembro do ano passado, quando o placar estava em 6 a 1 a favor das dela\u00e7\u00f5es negociadas pelas pol\u00edcias, mas com diverg\u00eancias. O \u00fanico ministro que votou contra as dela\u00e7\u00f5es negociadas pela pol\u00edcia foi o relator da Lava Jato no Supremo, Edson Fachin.<\/p>\n<p>Na sess\u00e3o dessa quarta, a quest\u00e3o foi definida com os votos dos ministros Ricardo Lewandowski, Gilmar Mendes, Celso de Mello e da presidente, C\u00e1rmen L\u00facia. No entendimento de Mello, a lei definiu que a dela\u00e7\u00e3o \u00e9 um meio de obten\u00e7\u00e3o de prova, cabendo ao Judici\u00e1rio decidir se o acordo pode ser homologado ou n\u00e3o. Segundo o ministro, a colabora\u00e7\u00e3o s\u00f3 tem validade ap\u00f3s passar pelo crivo de um juiz.<\/p>\n<p>&#8220;A fiscaliza\u00e7\u00e3o de legalidade pelo Poder Judici\u00e1rio destina-se precisamente a impedir que se ajustem, no plano negocial, cl\u00e1usulas abusivas e cl\u00e1usulas ilegais. Na verdade, o acordo de colabora\u00e7\u00e3o premiada sem homologa\u00e7\u00e3o judicial n\u00e3o significa nada&#8221;, argumentou.<\/p>\n<p>A ministra C\u00e1rmen L\u00facia disse que o instituto da colabora\u00e7\u00e3o \u201c\u00e9 um pr\u00eamio para a cidadania e contra o crime\u201d e tem objetivo de tornar as investiga\u00e7\u00f5es mais r\u00e1pidas, principalmente, as que envolvem organiza\u00e7\u00f5es criminosas. \u201cA colabora\u00e7\u00e3o \u00e9 um neg\u00f3cio jur\u00eddico e, dessa forma, apenas uma ferramenta para se chegar \u00e0 obten\u00e7\u00e3o de provas\u201d, disse.<\/p>\n<p>Durante a tramita\u00e7\u00e3o do processo, associa\u00e7\u00f5es de classe ligadas aos delegados, como a Associa\u00e7\u00e3o Nacional dos\u00a0Delegados de Pol\u00edcia Federal\u00a0(ADPF), discordaram da PGR e consideraram que a tentativa de impedir que delegados possam propor a assinatura de acordos \u00e9 um retrocesso.<\/p>\n<p>Fonte: Ag\u00eancia Brasil<\/p>\n","protected":false},"excerpt":{"rendered":"<p>Por 10 votos a 1, o Supremo Tribunal Federal (STF) confirmou\u00a0nessa quarta-feira, 20, a validade da autoriza\u00e7\u00e3o legal para que\u00a0delegados das pol\u00edcias Civil e Federal possam negociar dela\u00e7\u00f5es premiadas, conforme previsto na Lei de Organiza\u00e7\u00f5es Criminosas (12.850\/2013). Para os ministros, delegados podem usar os depoimentos de colabora\u00e7\u00e3o como instrumento de obten\u00e7\u00e3o de provas durante a [&hellip;]<\/p>\n","protected":false},"author":96,"featured_media":108662,"comment_status":"closed","ping_status":"closed","sticky":false,"template":"","format":"standard","meta":{"footnotes":""},"categories":[254,439],"tags":[],"class_list":["post-108661","post","type-post","status-publish","format-standard","has-post-thumbnail","hentry","category-politica","category-ultima-hora"],"_links":{"self":[{"href":"https:\/\/diarioregionaldigital.com.br\/index.php?rest_route=\/wp\/v2\/posts\/108661","targetHints":{"allow":["GET"]}}],"collection":[{"href":"https:\/\/diarioregionaldigital.com.br\/index.php?rest_route=\/wp\/v2\/posts"}],"about":[{"href":"https:\/\/diarioregionaldigital.com.br\/index.php?rest_route=\/wp\/v2\/types\/post"}],"author":[{"embeddable":true,"href":"https:\/\/diarioregionaldigital.com.br\/index.php?rest_route=\/wp\/v2\/users\/96"}],"replies":[{"embeddable":true,"href":"https:\/\/diarioregionaldigital.com.br\/index.php?rest_route=%2Fwp%2Fv2%2Fcomments&post=108661"}],"version-history":[{"count":0,"href":"https:\/\/diarioregionaldigital.com.br\/index.php?rest_route=\/wp\/v2\/posts\/108661\/revisions"}],"wp:featuredmedia":[{"embeddable":true,"href":"https:\/\/diarioregionaldigital.com.br\/index.php?rest_route=\/wp\/v2\/media\/108662"}],"wp:attachment":[{"href":"https:\/\/diarioregionaldigital.com.br\/index.php?rest_route=%2Fwp%2Fv2%2Fmedia&parent=108661"}],"wp:term":[{"taxonomy":"category","embeddable":true,"href":"https:\/\/diarioregionaldigital.com.br\/index.php?rest_route=%2Fwp%2Fv2%2Fcategories&post=108661"},{"taxonomy":"post_tag","embeddable":true,"href":"https:\/\/diarioregionaldigital.com.br\/index.php?rest_route=%2Fwp%2Fv2%2Ftags&post=108661"}],"curies":[{"name":"wp","href":"https:\/\/api.w.org\/{rel}","templated":true}]}}