{"id":108650,"date":"2018-06-21T06:00:12","date_gmt":"2018-06-21T09:00:12","guid":{"rendered":"http:\/\/diarioregionaljf.com.br\/?p=108650"},"modified":"2018-08-13T20:26:44","modified_gmt":"2018-08-13T23:26:44","slug":"edital-de-convocacao-magaly-fernandino","status":"publish","type":"post","link":"https:\/\/diarioregionaldigital.com.br\/?p=108650","title":{"rendered":"Edital de Convoca\u00e7\u00e3o &#8211; Magaly Fernandino 21\/06\/18"},"content":{"rendered":"<p style=\"text-align: center;\"><strong>Edital de Convoca\u00e7\u00e3o\u00a0<\/strong><\/p>\n<p style=\"text-align: center;\">Eu, Magaly Fernandino na qualidade de presidente interina da ADDHC, Associa\u00e7\u00e3o de Defesa dos Direitos Humanos e Cidadania, convoco os membros da Diretoria, Conselho e Associados para Assembleia\u00a0 Geral a ocorrer no dia 11\/07\/2018, \u00e0s 15 horas, no seguinte local:<\/p>\n<p style=\"text-align: center;\">Century XXI,\u00a0<a href=\"https:\/\/maps.google.com\/?q=Av.+Rio+Branco+2001,+sala+708,+Centro,+Juiz+de+Fora&amp;entry=gmail&amp;source=g\">Av. Rio Branco 2001, sala 708, Centro, Juiz de Fora<\/a>, para elei\u00e7\u00e3o de nova diretoria e conselheiros.<\/p>\n<p style=\"text-align: center;\">De acordo com o Estatuto, dever\u00e3o comparecer maioria simples, se o qu\u00f3rum n\u00e3o for alcan\u00e7ado, \u00e0s decis\u00f5es ser\u00e3o tomadas e validadas pelos presentes.<\/p>\n","protected":false},"excerpt":{"rendered":"<p>Edital de Convoca\u00e7\u00e3o\u00a0 Eu, Magaly Fernandino na qualidade de presidente interina da ADDHC, Associa\u00e7\u00e3o de Defesa dos Direitos Humanos e Cidadania, convoco os membros da Diretoria, Conselho e Associados para Assembleia\u00a0 Geral a ocorrer no dia 11\/07\/2018, \u00e0s 15 horas, no seguinte local: Century XXI,\u00a0Av. Rio Branco 2001, sala 708, Centro, Juiz de Fora, para [&hellip;]<\/p>\n","protected":false},"author":96,"featured_media":0,"comment_status":"closed","ping_status":"closed","sticky":false,"template":"","format":"standard","meta":{"footnotes":""},"categories":[307],"tags":[],"class_list":["post-108650","post","type-post","status-publish","format-standard","hentry","category-editais"],"_links":{"self":[{"href":"https:\/\/diarioregionaldigital.com.br\/index.php?rest_route=\/wp\/v2\/posts\/108650","targetHints":{"allow":["GET"]}}],"collection":[{"href":"https:\/\/diarioregionaldigital.com.br\/index.php?rest_route=\/wp\/v2\/posts"}],"about":[{"href":"https:\/\/diarioregionaldigital.com.br\/index.php?rest_route=\/wp\/v2\/types\/post"}],"author":[{"embeddable":true,"href":"https:\/\/diarioregionaldigital.com.br\/index.php?rest_route=\/wp\/v2\/users\/96"}],"replies":[{"embeddable":true,"href":"https:\/\/diarioregionaldigital.com.br\/index.php?rest_route=%2Fwp%2Fv2%2Fcomments&post=108650"}],"version-history":[{"count":0,"href":"https:\/\/diarioregionaldigital.com.br\/index.php?rest_route=\/wp\/v2\/posts\/108650\/revisions"}],"wp:attachment":[{"href":"https:\/\/diarioregionaldigital.com.br\/index.php?rest_route=%2Fwp%2Fv2%2Fmedia&parent=108650"}],"wp:term":[{"taxonomy":"category","embeddable":true,"href":"https:\/\/diarioregionaldigital.com.br\/index.php?rest_route=%2Fwp%2Fv2%2Fcategories&post=108650"},{"taxonomy":"post_tag","embeddable":true,"href":"https:\/\/diarioregionaldigital.com.br\/index.php?rest_route=%2Fwp%2Fv2%2Ftags&post=108650"}],"curies":[{"name":"wp","href":"https:\/\/api.w.org\/{rel}","templated":true}]}}