{"id":108623,"date":"2018-06-20T17:08:26","date_gmt":"2018-06-20T20:08:26","guid":{"rendered":"http:\/\/diarioregionaljf.com.br\/?p=108623"},"modified":"2018-06-20T17:18:35","modified_gmt":"2018-06-20T20:18:35","slug":"foi-preso-o-suspeito-de-praticar-estelionato-e-crime-de-falsificacao-de-documento-publico-em-leopoldina","status":"publish","type":"post","link":"https:\/\/diarioregionaldigital.com.br\/?p=108623","title":{"rendered":"Foi preso o suspeito de praticar estelionato e crime de falsifica\u00e7\u00e3o de documento p\u00fablico em Leopoldina"},"content":{"rendered":"<p>A Pol\u00edcia Civil de Minas Gerais cumpriu nessa quarta-feira, 20, na cidade de Governador Valadares, mandados de busca e apreens\u00e3o e de pris\u00e3o, expedidos pela Justi\u00e7a, para um de 38 anos.<\/p>\n<p>O suspeito foi acusado de ter realizado o saque, de aproximadamente R$150 mil, em Leopoldina, no dia 30 de maio. Ele teria utilizado documentos falsos para efetuar a retirada do dinheiro.<\/p>\n<p>Durante a a\u00e7\u00e3o, tamb\u00e9m foram apreendidos dois celulares, contendo bateria e chip, dois pen drives e um tablet.<\/p>\n<p>O homem foi preso em sua resid\u00eancia, pelas equipes da 3\u00aa Delegacia Regional de Leopoldina e da Delegacia de Governador Valadares, sendo encaminhado \u00e0 unidade prisional.<\/p>\n<p>A pol\u00edcia ainda est\u00e1 investigando se existe mais pessoas envolvidas no crime.<\/p>\n<p>Fonte: Assessoria da Pol\u00edcia Civil<\/p>\n","protected":false},"excerpt":{"rendered":"<p>A Pol\u00edcia Civil de Minas Gerais cumpriu nessa quarta-feira, 20, na cidade de Governador Valadares, mandados de busca e apreens\u00e3o e de pris\u00e3o, expedidos pela Justi\u00e7a, para um de 38 anos. O suspeito foi acusado de ter realizado o saque, de aproximadamente R$150 mil, em Leopoldina, no dia 30 de maio. Ele teria utilizado documentos [&hellip;]<\/p>\n","protected":false},"author":96,"featured_media":108625,"comment_status":"closed","ping_status":"closed","sticky":false,"template":"","format":"standard","meta":{"footnotes":""},"categories":[252,439],"tags":[],"class_list":["post-108623","post","type-post","status-publish","format-standard","has-post-thumbnail","hentry","category-regiao","category-ultima-hora"],"_links":{"self":[{"href":"https:\/\/diarioregionaldigital.com.br\/index.php?rest_route=\/wp\/v2\/posts\/108623","targetHints":{"allow":["GET"]}}],"collection":[{"href":"https:\/\/diarioregionaldigital.com.br\/index.php?rest_route=\/wp\/v2\/posts"}],"about":[{"href":"https:\/\/diarioregionaldigital.com.br\/index.php?rest_route=\/wp\/v2\/types\/post"}],"author":[{"embeddable":true,"href":"https:\/\/diarioregionaldigital.com.br\/index.php?rest_route=\/wp\/v2\/users\/96"}],"replies":[{"embeddable":true,"href":"https:\/\/diarioregionaldigital.com.br\/index.php?rest_route=%2Fwp%2Fv2%2Fcomments&post=108623"}],"version-history":[{"count":0,"href":"https:\/\/diarioregionaldigital.com.br\/index.php?rest_route=\/wp\/v2\/posts\/108623\/revisions"}],"wp:featuredmedia":[{"embeddable":true,"href":"https:\/\/diarioregionaldigital.com.br\/index.php?rest_route=\/wp\/v2\/media\/108625"}],"wp:attachment":[{"href":"https:\/\/diarioregionaldigital.com.br\/index.php?rest_route=%2Fwp%2Fv2%2Fmedia&parent=108623"}],"wp:term":[{"taxonomy":"category","embeddable":true,"href":"https:\/\/diarioregionaldigital.com.br\/index.php?rest_route=%2Fwp%2Fv2%2Fcategories&post=108623"},{"taxonomy":"post_tag","embeddable":true,"href":"https:\/\/diarioregionaldigital.com.br\/index.php?rest_route=%2Fwp%2Fv2%2Ftags&post=108623"}],"curies":[{"name":"wp","href":"https:\/\/api.w.org\/{rel}","templated":true}]}}