{"id":108589,"date":"2018-06-20T15:45:36","date_gmt":"2018-06-20T18:45:36","guid":{"rendered":"http:\/\/diarioregionaljf.com.br\/?p=108589"},"modified":"2018-06-20T15:50:19","modified_gmt":"2018-06-20T18:50:19","slug":"inverno-tera-temperaturas-acima-da-media-em-mg","status":"publish","type":"post","link":"https:\/\/diarioregionaldigital.com.br\/?p=108589","title":{"rendered":"Inverno ter\u00e1 temperaturas acima da m\u00e9dia em MG"},"content":{"rendered":"<p style=\"text-align: left;\"><span style=\"font-family: 'times new roman', times, serif;\"><span style=\"font-size: 12pt;\">Nesta quinta-feira; 21, \u00e0s 7h07, come\u00e7a o inverno, que al\u00e9m das\u00a0<\/span><span style=\"font-size: 12pt;\">baixas temperaturas tem como caracter\u00edstica o clima seco. Neste ano, a\u00a0<\/span><span style=\"font-size: 12pt;\">esta\u00e7\u00e3o ter\u00e1 pouca influ\u00eancia dos fen\u00f4menos El Ni\u00f1o e La Ni\u00f1a, e\u00a0<\/span><span style=\"font-size: 12pt;\">deve apresentar temperaturas acima da m\u00e9dia em quase todo o estado.\u00a0<\/span><span style=\"font-size: 12pt;\">Apenas no Nordeste de Minas as temperaturas devem ficar ligeiramente\u00a0<\/span><span style=\"font-size: 12pt;\">abaixo da m\u00e9dia. Entretanto, isso n\u00e3o impede uma pequena altera\u00e7\u00e3o\u00a0<\/span><span style=\"font-size: 12pt;\">das temperaturas acima ou abaixo do esperado.<\/span><\/span><\/p>\n<p><span style=\"font-family: 'times new roman', times, serif;\"><span style=\"font-size: 12pt;\">Durante a esta\u00e7\u00e3o, a umidade relativa do ar vai gradativamente se\u00a0<\/span><span style=\"font-size: 12pt;\">tornando mais baixa, podendo atingir valores abaixo de 20% em muitos\u00a0<\/span><span style=\"font-size: 12pt;\">dias, principalmente no Tri\u00e2ngulo, Oeste, Centro e parte do Norte de\u00a0<\/span><span style=\"font-size: 12pt;\">Minas Gerais. Nas regi\u00f5es serranas, haver\u00e1 mudan\u00e7as relativamente\u00a0<\/span><span style=\"font-size: 12pt;\">r\u00e1pidas nas condi\u00e7\u00f5es do tempo, que podem aumentar a ocorr\u00eancia de\u00a0<\/span><span style=\"font-size: 12pt;\">nevoeiros e geadas nas primeiras horas do dia.<\/span><\/span><\/p>\n<p><span style=\"font-family: 'times new roman', times, serif;\"><span style=\"font-size: 12pt;\">De acordo com o meteorologista Arthur Chaves de Paiva Neto, da Cemig,\u00a0<\/span><span style=\"font-size: 12pt;\">outro fen\u00f4meno poss\u00edvel \u00e9 a forma\u00e7\u00e3o de invers\u00e3o t\u00e9rmica. &#8220;Isso\u00a0<\/span><span style=\"font-size: 12pt;\">ocorre quando a temperatura da atmosfera na superf\u00edcie \u00e9 menor do que\u00a0<\/span><span style=\"font-size: 12pt;\">nos n\u00edveis acima, fazendo com que os poluentes n\u00e3o se dissipem\u00a0<\/span><span style=\"font-size: 12pt;\">rapidamente, consequentemente, piorando a qualidade do ar nas cidades&#8221;,\u00a0<\/span><span style=\"font-size: 12pt;\">explica. Esse fen\u00f4meno acontece com maior frequ\u00eancia no m\u00eas de julho.<\/span><\/span><\/p>\n<p><span style=\"font-family: 'times new roman', times, serif;\"><span style=\"font-size: 12pt;\">Assim, o deslocamento de massas de ar frio, provenientes do Polo Sul,\u00a0<\/span><span style=\"font-size: 12pt;\">provocam quedas de temperatura significativas, enquanto o \u00edndice de\u00a0<\/span><span style=\"font-size: 12pt;\">chuvas diminui.<\/span><\/span><\/p>\n<p><span style=\"font-family: 'times new roman', times, serif;\"><strong><span style=\"font-size: 12pt;\">CHUVAS<\/span><\/strong><\/span><\/p>\n<p><span style=\"font-family: 'times new roman', times, serif;\"><span style=\"font-size: 12pt;\">A esta\u00e7\u00e3o, que comumente apresenta poucas chuvas, pode ter em julho a\u00a0<\/span><span style=\"font-size: 12pt;\">quantidade m\u00ednima para o m\u00eas. A expectativa \u00e9 que nos meses de agosto\u00a0<\/span><span style=\"font-size: 12pt;\">e setembro os \u00edndices de chuva fiquem acima da m\u00e9dia prevista. Em\u00a0<\/span><span style=\"font-size: 12pt;\">setembro, podem ocorrer pancadas de chuva com possibilidade de granizo.<\/span><\/span><\/p>\n<p><strong><span style=\"font-family: 'times new roman', times, serif;\"><span style=\"font-size: 12pt;\">M\u00cdNIMAS E M\u00c1XIMAS<\/span><\/span><\/strong><\/p>\n<p><span style=\"font-family: 'times new roman', times, serif;\"><span style=\"font-size: 12pt;\">Veja a previs\u00e3o de temperaturas m\u00ednimas, m\u00e1ximas e m\u00e9dias para todas\u00a0<\/span><span style=\"font-size: 12pt;\">as regi\u00f5es de Minas Gerais nos meses de julho, agosto e setembro.<\/span><\/span><\/p>\n<p><img loading=\"lazy\" decoding=\"async\" class=\"alignnone wp-image-108594 size-full\" src=\"http:\/\/diarioregionaljf.com.br\/wp-content\/uploads\/2018\/06\/35792930_1692803810800773_699335587638804480_n.png\" alt=\"\" width=\"333\" height=\"228\" srcset=\"https:\/\/diarioregionaldigital.com.br\/wp-content\/uploads\/2018\/06\/35792930_1692803810800773_699335587638804480_n.png 333w, https:\/\/diarioregionaldigital.com.br\/wp-content\/uploads\/2018\/06\/35792930_1692803810800773_699335587638804480_n-300x205.png 300w\" sizes=\"auto, (max-width: 333px) 100vw, 333px\" \/><\/p>\n<p>&nbsp;<\/p>\n<p>Fonte: Cemig<\/p>\n","protected":false},"excerpt":{"rendered":"<p>Nesta quinta-feira; 21, \u00e0s 7h07, come\u00e7a o inverno, que al\u00e9m das\u00a0baixas temperaturas tem como caracter\u00edstica o clima seco. Neste ano, a\u00a0esta\u00e7\u00e3o ter\u00e1 pouca influ\u00eancia dos fen\u00f4menos El Ni\u00f1o e La Ni\u00f1a, e\u00a0deve apresentar temperaturas acima da m\u00e9dia em quase todo o estado.\u00a0Apenas no Nordeste de Minas as temperaturas devem ficar ligeiramente\u00a0abaixo da m\u00e9dia. Entretanto, isso [&hellip;]<\/p>\n","protected":false},"author":96,"featured_media":108595,"comment_status":"closed","ping_status":"closed","sticky":false,"template":"","format":"standard","meta":{"footnotes":""},"categories":[252,439],"tags":[],"class_list":["post-108589","post","type-post","status-publish","format-standard","has-post-thumbnail","hentry","category-regiao","category-ultima-hora"],"_links":{"self":[{"href":"https:\/\/diarioregionaldigital.com.br\/index.php?rest_route=\/wp\/v2\/posts\/108589","targetHints":{"allow":["GET"]}}],"collection":[{"href":"https:\/\/diarioregionaldigital.com.br\/index.php?rest_route=\/wp\/v2\/posts"}],"about":[{"href":"https:\/\/diarioregionaldigital.com.br\/index.php?rest_route=\/wp\/v2\/types\/post"}],"author":[{"embeddable":true,"href":"https:\/\/diarioregionaldigital.com.br\/index.php?rest_route=\/wp\/v2\/users\/96"}],"replies":[{"embeddable":true,"href":"https:\/\/diarioregionaldigital.com.br\/index.php?rest_route=%2Fwp%2Fv2%2Fcomments&post=108589"}],"version-history":[{"count":0,"href":"https:\/\/diarioregionaldigital.com.br\/index.php?rest_route=\/wp\/v2\/posts\/108589\/revisions"}],"wp:featuredmedia":[{"embeddable":true,"href":"https:\/\/diarioregionaldigital.com.br\/index.php?rest_route=\/wp\/v2\/media\/108595"}],"wp:attachment":[{"href":"https:\/\/diarioregionaldigital.com.br\/index.php?rest_route=%2Fwp%2Fv2%2Fmedia&parent=108589"}],"wp:term":[{"taxonomy":"category","embeddable":true,"href":"https:\/\/diarioregionaldigital.com.br\/index.php?rest_route=%2Fwp%2Fv2%2Fcategories&post=108589"},{"taxonomy":"post_tag","embeddable":true,"href":"https:\/\/diarioregionaldigital.com.br\/index.php?rest_route=%2Fwp%2Fv2%2Ftags&post=108589"}],"curies":[{"name":"wp","href":"https:\/\/api.w.org\/{rel}","templated":true}]}}