{"id":108582,"date":"2018-06-20T15:11:48","date_gmt":"2018-06-20T18:11:48","guid":{"rendered":"http:\/\/diarioregionaljf.com.br\/?p=108582"},"modified":"2018-06-20T15:20:54","modified_gmt":"2018-06-20T18:20:54","slug":"pm-recupera-baterias-furtadas-de-torre-de-telefonia-celular-em-cataguases","status":"publish","type":"post","link":"https:\/\/diarioregionaldigital.com.br\/?p=108582","title":{"rendered":"PM recupera baterias furtadas de torre de telefonia celular em Cataguases"},"content":{"rendered":"<p>A Pol\u00edcia Militar recuperou na tarde dessa ter\u00e7a-feira, 19, onze\u00a0baterias estacion\u00e1rias que haviam sido furtadas da subesta\u00e7\u00e3o da Claro Telefonia, localizada na torre no alto do Bairro Bom Pastor em Cataguases no \u00faltimo s\u00e1bado, 16.<\/p>\n<p>A PM foi acionada por funcion\u00e1rios da empresa que informaram que os\u00a0equipamentos, devido ao seu alto valor, s\u00e3o munidos de rastreador via GPS e que o sistema havia apontado o Bairro S\u00e3o Sebasti\u00e3o como a \u00faltima localiza\u00e7\u00e3o dos mesmos.<\/p>\n<p>De posse das informa\u00e7\u00f5es a equipe policial deslocou para o bairro e em conversa com moradores conseguiram identificar a resid\u00eancia onde era a mais pr\u00f3xima do centro do sinal de localiza\u00e7\u00e3o. Assim, entraram em contato com o morador que disse que uma pessoa conhecida sua teria deixado tais equipamentos na sua resid\u00eancia e iria buscar mais tarde, pois, teria passado em outra casa, que seria do destinat\u00e1rio das baterias e este n\u00e3o se encontrava e autorizou que fossem guardados os materiais devido ao seu peso. Neste local foram encontradas sete baterias.<\/p>\n<p>Dando continuidade \u00e0s dilig\u00eancias, a equipe deslocou a outro im\u00f3vel no Centro de Cataguases, onde foram encontradas mais quatro. Apenas uma bateria das doze furtadas inicialmente n\u00e3o foi localizada. De acordo com estimativas o material recuperado est\u00e1 avaliado em aproximadamente R$18.000,00.<\/p>\n<p>O boletim de ocorr\u00eancia foi lavrado com os dados de todas as pessoas envolvidas e as investiga\u00e7\u00f5es ficar\u00e3o a cargo da Pol\u00edcia Civil.<\/p>\n<p>&nbsp;<\/p>\n<p>Fonte: M\u00eddia Mineira<\/p>\n","protected":false},"excerpt":{"rendered":"<p>A Pol\u00edcia Militar recuperou na tarde dessa ter\u00e7a-feira, 19, onze\u00a0baterias estacion\u00e1rias que haviam sido furtadas da subesta\u00e7\u00e3o da Claro Telefonia, localizada na torre no alto do Bairro Bom Pastor em Cataguases no \u00faltimo s\u00e1bado, 16. A PM foi acionada por funcion\u00e1rios da empresa que informaram que os\u00a0equipamentos, devido ao seu alto valor, s\u00e3o munidos de [&hellip;]<\/p>\n","protected":false},"author":96,"featured_media":108587,"comment_status":"closed","ping_status":"closed","sticky":false,"template":"","format":"standard","meta":{"footnotes":""},"categories":[252,439],"tags":[],"class_list":["post-108582","post","type-post","status-publish","format-standard","has-post-thumbnail","hentry","category-regiao","category-ultima-hora"],"_links":{"self":[{"href":"https:\/\/diarioregionaldigital.com.br\/index.php?rest_route=\/wp\/v2\/posts\/108582","targetHints":{"allow":["GET"]}}],"collection":[{"href":"https:\/\/diarioregionaldigital.com.br\/index.php?rest_route=\/wp\/v2\/posts"}],"about":[{"href":"https:\/\/diarioregionaldigital.com.br\/index.php?rest_route=\/wp\/v2\/types\/post"}],"author":[{"embeddable":true,"href":"https:\/\/diarioregionaldigital.com.br\/index.php?rest_route=\/wp\/v2\/users\/96"}],"replies":[{"embeddable":true,"href":"https:\/\/diarioregionaldigital.com.br\/index.php?rest_route=%2Fwp%2Fv2%2Fcomments&post=108582"}],"version-history":[{"count":0,"href":"https:\/\/diarioregionaldigital.com.br\/index.php?rest_route=\/wp\/v2\/posts\/108582\/revisions"}],"wp:featuredmedia":[{"embeddable":true,"href":"https:\/\/diarioregionaldigital.com.br\/index.php?rest_route=\/wp\/v2\/media\/108587"}],"wp:attachment":[{"href":"https:\/\/diarioregionaldigital.com.br\/index.php?rest_route=%2Fwp%2Fv2%2Fmedia&parent=108582"}],"wp:term":[{"taxonomy":"category","embeddable":true,"href":"https:\/\/diarioregionaldigital.com.br\/index.php?rest_route=%2Fwp%2Fv2%2Fcategories&post=108582"},{"taxonomy":"post_tag","embeddable":true,"href":"https:\/\/diarioregionaldigital.com.br\/index.php?rest_route=%2Fwp%2Fv2%2Ftags&post=108582"}],"curies":[{"name":"wp","href":"https:\/\/api.w.org\/{rel}","templated":true}]}}